{"id":9320,"date":"2023-09-11T18:39:10","date_gmt":"2023-09-11T16:39:10","guid":{"rendered":"https:\/\/delgadozuleta.bgoapps.es\/actualidad\/convocatoria-la-junta-general-extraordinaria-accionistas-delgado-zuleta-s\/"},"modified":"2023-09-11T18:39:10","modified_gmt":"2023-09-11T16:39:10","slug":"convocatoria-la-junta-general-extraordinaria-accionistas-delgado-zuleta-s","status":"publish","type":"post","link":"https:\/\/delgadozuleta.com\/en\/blog\/2023\/09\/11\/convocatoria-la-junta-general-extraordinaria-accionistas-delgado-zuleta-s\/","title":{"rendered":"CONVOCATORIA DE LA JUNTA GENERAL EXTRAORDINARIA DE ACCIONISTAS DE \u201cDELGADO ZULETA, S.A.\u201d"},"content":{"rendered":"<p>El \u00f3rgano de administraci\u00f3n de \u201c<strong>DELGADO ZULETA, S.A.<\/strong>\u201d, de conformidad con la normativa legal y estatutaria en vigor, ha acordado convocar a los se\u00f1ores accionistas de esta sociedad a Junta General Extraordinaria de accionistas que se celebrar\u00e1, en primera convocatoria, en el domicilio social de la compa\u00f1\u00eda, sito en Carretera de Sanl\u00facar a Chipiona, kil\u00f3metro 1,5, hoy Avenida Roc\u00edo Jurado, s\/n, Sanl\u00facar de Barrameda, el d\u00eda 13 de octubre de 2023, a las 11.00 horas, y en segunda convocatoria, en el mismo lugar y hora, el d\u00eda siguiente, al objeto de deliberar y resolver acerca de los asuntos comprendidos en el siguiente<\/p>\n<p><strong>ORDEN DEL D\u00cdA<\/strong><\/p>\n<ol>\n<li>Cese y\/o aceptaci\u00f3n de dimisi\u00f3n de administradores.<\/li>\n<li>Nombramiento de administradores.<\/li>\n<li>Delegaci\u00f3n de facultades.<\/li>\n<li>Lectura y aprobaci\u00f3n, en su caso, del acta<\/li>\n<\/ol>\n<p>&nbsp;<\/p>\n<p>En Sanl\u00facar de Barrameda (C\u00e1diz), a 11 de septiembre de 2023.<\/p>\n<p>Jorge Pascual Hern\u00e1ndez, Presidente del Consejo de Administraci\u00f3n<\/p>","protected":false},"excerpt":{"rendered":"<p>El \u00f3rgano de administraci\u00f3n de \u201cDELGADO ZULETA, S.A.\u201d, de conformidad con la normativa legal y estatutaria en vigor, ha acordado [&hellip;]<\/p>\n","protected":false},"author":616,"featured_media":9292,"comment_status":"closed","ping_status":"closed","sticky":false,"template":"","format":"standard","meta":{"inline_featured_image":false,"_uag_custom_page_level_css":"","site-sidebar-layout":"default","site-content-layout":"","ast-site-content-layout":"default","site-content-style":"default","site-sidebar-style":"default","ast-global-header-display":"","ast-banner-title-visibility":"","ast-main-header-display":"","ast-hfb-above-header-display":"","ast-hfb-below-header-display":"","ast-hfb-mobile-header-display":"","site-post-title":"","ast-breadcrumbs-content":"","ast-featured-img":"","footer-sml-layout":"","ast-disable-related-posts":"","theme-transparent-header-meta":"","adv-header-id-meta":"","stick-header-meta":"","header-above-stick-meta":"","header-main-stick-meta":"","header-below-stick-meta":"","astra-migrate-meta-layouts":"default","ast-page-background-enabled":"default","ast-page-background-meta":{"desktop":{"background-color":"var(--ast-global-color-5)","background-image":"","background-repeat":"repeat","background-position":"center center","background-size":"auto","background-attachment":"scroll","background-type":"","background-media":"","overlay-type":"","overlay-color":"","overlay-opacity":"","overlay-gradient":""},"tablet":{"background-color":"","background-image":"","background-repeat":"repeat","background-position":"center center","background-size":"auto","background-attachment":"scroll","background-type":"","background-media":"","overlay-type":"","overlay-color":"","overlay-opacity":"","overlay-gradient":""},"mobile":{"background-color":"","background-image":"","background-repeat":"repeat","background-position":"center center","background-size":"auto","background-attachment":"scroll","background-type":"","background-media":"","overlay-type":"","overlay-color":"","overlay-opacity":"","overlay-gradient":""}},"ast-content-background-meta":{"desktop":{"background-color":"var(--ast-global-color-4)","background-image":"","background-repeat":"repeat","background-position":"center center","background-size":"auto","background-attachment":"scroll","background-type":"","background-media":"","overlay-type":"","overlay-color":"","overlay-opacity":"","overlay-gradient":""},"tablet":{"background-color":"var(--ast-global-color-4)","background-image":"","background-repeat":"repeat","background-position":"center center","background-size":"auto","background-attachment":"scroll","background-type":"","background-media":"","overlay-type":"","overlay-color":"","overlay-opacity":"","overlay-gradient":""},"mobile":{"background-color":"var(--ast-global-color-4)","background-image":"","background-repeat":"repeat","background-position":"center center","background-size":"auto","background-attachment":"scroll","background-type":"","background-media":"","overlay-type":"","overlay-color":"","overlay-opacity":"","overlay-gradient":""}},"footnotes":""},"categories":[1],"tags":[],"class_list":["post-9320","post","type-post","status-publish","format-standard","has-post-thumbnail","hentry","category-actualidad"],"yoast_head":"<!-- This site is optimized with the Yoast SEO plugin v27.3 - https:\/\/yoast.com\/product\/yoast-seo-wordpress\/ -->\n<title>CONVOCATORIA DE LA JUNTA GENERAL EXTRAORDINARIA DE ACCIONISTAS DE \u201cDELGADO ZULETA, S.A.\u201d - Bodega Delgado Zuleta<\/title>\n<meta name=\"robots\" content=\"index, follow, max-snippet:-1, max-image-preview:large, max-video-preview:-1\" \/>\n<link rel=\"canonical\" href=\"https:\/\/delgadozuleta.com\/en\/blog\/2023\/09\/11\/convocatoria-la-junta-general-extraordinaria-accionistas-delgado-zuleta-s\/\" \/>\n<meta property=\"og:locale\" content=\"en_US\" \/>\n<meta property=\"og:type\" content=\"article\" \/>\n<meta property=\"og:title\" content=\"CONVOCATORIA DE LA JUNTA GENERAL EXTRAORDINARIA DE ACCIONISTAS DE \u201cDELGADO ZULETA, S.A.\u201d - Bodega Delgado Zuleta\" \/>\n<meta property=\"og:description\" content=\"El \u00f3rgano de administraci\u00f3n de \u201cDELGADO ZULETA, S.A.\u201d, de conformidad con la normativa legal y estatutaria en vigor, ha acordado [&hellip;]\" \/>\n<meta property=\"og:url\" content=\"https:\/\/delgadozuleta.com\/en\/blog\/2023\/09\/11\/convocatoria-la-junta-general-extraordinaria-accionistas-delgado-zuleta-s\/\" \/>\n<meta property=\"og:site_name\" content=\"Bodega Delgado Zuleta\" \/>\n<meta property=\"article:published_time\" content=\"2023-09-11T16:39:10+00:00\" \/>\n<meta property=\"og:image\" content=\"https:\/\/delgadozuleta.com\/wp-content\/uploads\/Bodega-Delgado-Zuleta-1024x7681-2.jpg\" \/>\n\t<meta property=\"og:image:width\" content=\"1024\" \/>\n\t<meta property=\"og:image:height\" content=\"768\" \/>\n\t<meta property=\"og:image:type\" content=\"image\/jpeg\" \/>\n<meta name=\"author\" content=\"Delgado Zuleta\" \/>\n<meta name=\"twitter:card\" content=\"summary_large_image\" \/>\n<meta name=\"twitter:label1\" content=\"Written by\" \/>\n\t<meta name=\"twitter:data1\" content=\"Delgado Zuleta\" \/>\n\t<meta name=\"twitter:label2\" content=\"Est. reading time\" \/>\n\t<meta name=\"twitter:data2\" content=\"1 minute\" \/>\n<script type=\"application\/ld+json\" class=\"yoast-schema-graph\">{\"@context\":\"https:\\\/\\\/schema.org\",\"@graph\":[{\"@type\":\"Article\",\"@id\":\"https:\\\/\\\/delgadozuleta.com\\\/blog\\\/2023\\\/09\\\/11\\\/convocatoria-la-junta-general-extraordinaria-accionistas-delgado-zuleta-s\\\/#article\",\"isPartOf\":{\"@id\":\"https:\\\/\\\/delgadozuleta.com\\\/blog\\\/2023\\\/09\\\/11\\\/convocatoria-la-junta-general-extraordinaria-accionistas-delgado-zuleta-s\\\/\"},\"author\":{\"name\":\"Delgado Zuleta\",\"@id\":\"https:\\\/\\\/delgadozuleta.com\\\/#\\\/schema\\\/person\\\/5f15c7e1a9864c3e585fefde0cb00527\"},\"headline\":\"CONVOCATORIA DE LA JUNTA GENERAL EXTRAORDINARIA DE ACCIONISTAS DE \u201cDELGADO ZULETA, S.A.\u201d\",\"datePublished\":\"2023-09-11T16:39:10+00:00\",\"mainEntityOfPage\":{\"@id\":\"https:\\\/\\\/delgadozuleta.com\\\/blog\\\/2023\\\/09\\\/11\\\/convocatoria-la-junta-general-extraordinaria-accionistas-delgado-zuleta-s\\\/\"},\"wordCount\":174,\"publisher\":{\"@id\":\"https:\\\/\\\/delgadozuleta.com\\\/#organization\"},\"image\":{\"@id\":\"https:\\\/\\\/delgadozuleta.com\\\/blog\\\/2023\\\/09\\\/11\\\/convocatoria-la-junta-general-extraordinaria-accionistas-delgado-zuleta-s\\\/#primaryimage\"},\"thumbnailUrl\":\"https:\\\/\\\/delgadozuleta.com\\\/wp-content\\\/uploads\\\/Bodega-Delgado-Zuleta-1024x7681-2.jpg\",\"articleSection\":[\"Actualidad\"],\"inLanguage\":\"en-US\"},{\"@type\":\"WebPage\",\"@id\":\"https:\\\/\\\/delgadozuleta.com\\\/blog\\\/2023\\\/09\\\/11\\\/convocatoria-la-junta-general-extraordinaria-accionistas-delgado-zuleta-s\\\/\",\"url\":\"https:\\\/\\\/delgadozuleta.com\\\/blog\\\/2023\\\/09\\\/11\\\/convocatoria-la-junta-general-extraordinaria-accionistas-delgado-zuleta-s\\\/\",\"name\":\"CONVOCATORIA DE LA JUNTA GENERAL EXTRAORDINARIA DE ACCIONISTAS DE \u201cDELGADO ZULETA, S.A.\u201d - Bodega Delgado Zuleta\",\"isPartOf\":{\"@id\":\"https:\\\/\\\/delgadozuleta.com\\\/#website\"},\"primaryImageOfPage\":{\"@id\":\"https:\\\/\\\/delgadozuleta.com\\\/blog\\\/2023\\\/09\\\/11\\\/convocatoria-la-junta-general-extraordinaria-accionistas-delgado-zuleta-s\\\/#primaryimage\"},\"image\":{\"@id\":\"https:\\\/\\\/delgadozuleta.com\\\/blog\\\/2023\\\/09\\\/11\\\/convocatoria-la-junta-general-extraordinaria-accionistas-delgado-zuleta-s\\\/#primaryimage\"},\"thumbnailUrl\":\"https:\\\/\\\/delgadozuleta.com\\\/wp-content\\\/uploads\\\/Bodega-Delgado-Zuleta-1024x7681-2.jpg\",\"datePublished\":\"2023-09-11T16:39:10+00:00\",\"breadcrumb\":{\"@id\":\"https:\\\/\\\/delgadozuleta.com\\\/blog\\\/2023\\\/09\\\/11\\\/convocatoria-la-junta-general-extraordinaria-accionistas-delgado-zuleta-s\\\/#breadcrumb\"},\"inLanguage\":\"en-US\",\"potentialAction\":[{\"@type\":\"ReadAction\",\"target\":[\"https:\\\/\\\/delgadozuleta.com\\\/blog\\\/2023\\\/09\\\/11\\\/convocatoria-la-junta-general-extraordinaria-accionistas-delgado-zuleta-s\\\/\"]}]},{\"@type\":\"ImageObject\",\"inLanguage\":\"en-US\",\"@id\":\"https:\\\/\\\/delgadozuleta.com\\\/blog\\\/2023\\\/09\\\/11\\\/convocatoria-la-junta-general-extraordinaria-accionistas-delgado-zuleta-s\\\/#primaryimage\",\"url\":\"https:\\\/\\\/delgadozuleta.com\\\/wp-content\\\/uploads\\\/Bodega-Delgado-Zuleta-1024x7681-2.jpg\",\"contentUrl\":\"https:\\\/\\\/delgadozuleta.com\\\/wp-content\\\/uploads\\\/Bodega-Delgado-Zuleta-1024x7681-2.jpg\",\"width\":1024,\"height\":768},{\"@type\":\"BreadcrumbList\",\"@id\":\"https:\\\/\\\/delgadozuleta.com\\\/blog\\\/2023\\\/09\\\/11\\\/convocatoria-la-junta-general-extraordinaria-accionistas-delgado-zuleta-s\\\/#breadcrumb\",\"itemListElement\":[{\"@type\":\"ListItem\",\"position\":1,\"name\":\"Portada\",\"item\":\"https:\\\/\\\/delgadozuleta.com\\\/\"},{\"@type\":\"ListItem\",\"position\":2,\"name\":\"CONVOCATORIA DE LA JUNTA GENERAL EXTRAORDINARIA DE ACCIONISTAS DE \u201cDELGADO ZULETA, S.A.\u201d\"}]},{\"@type\":\"WebSite\",\"@id\":\"https:\\\/\\\/delgadozuleta.com\\\/#website\",\"url\":\"https:\\\/\\\/delgadozuleta.com\\\/\",\"name\":\"Bodega Delgado Zuleta\",\"description\":\"Hist\u00f3rica bodega del Marco de Jerez especialista en la elaboraci\u00f3n de vinos generosos.\",\"publisher\":{\"@id\":\"https:\\\/\\\/delgadozuleta.com\\\/#organization\"},\"potentialAction\":[{\"@type\":\"SearchAction\",\"target\":{\"@type\":\"EntryPoint\",\"urlTemplate\":\"https:\\\/\\\/delgadozuleta.com\\\/?s={search_term_string}\"},\"query-input\":{\"@type\":\"PropertyValueSpecification\",\"valueRequired\":true,\"valueName\":\"search_term_string\"}}],\"inLanguage\":\"en-US\"},{\"@type\":\"Organization\",\"@id\":\"https:\\\/\\\/delgadozuleta.com\\\/#organization\",\"name\":\"Bodega Delgado Zuleta\",\"url\":\"https:\\\/\\\/delgadozuleta.com\\\/\",\"logo\":{\"@type\":\"ImageObject\",\"inLanguage\":\"en-US\",\"@id\":\"https:\\\/\\\/delgadozuleta.com\\\/#\\\/schema\\\/logo\\\/image\\\/\",\"url\":\"https:\\\/\\\/delgadozuleta.com\\\/wp-content\\\/uploads\\\/logo-transparente-300x133-1.png\",\"contentUrl\":\"https:\\\/\\\/delgadozuleta.com\\\/wp-content\\\/uploads\\\/logo-transparente-300x133-1.png\",\"width\":900,\"height\":400,\"caption\":\"Bodega Delgado Zuleta\"},\"image\":{\"@id\":\"https:\\\/\\\/delgadozuleta.com\\\/#\\\/schema\\\/logo\\\/image\\\/\"}},{\"@type\":\"Person\",\"@id\":\"https:\\\/\\\/delgadozuleta.com\\\/#\\\/schema\\\/person\\\/5f15c7e1a9864c3e585fefde0cb00527\",\"name\":\"Delgado Zuleta\",\"image\":{\"@type\":\"ImageObject\",\"inLanguage\":\"en-US\",\"@id\":\"https:\\\/\\\/secure.gravatar.com\\\/avatar\\\/d03fc245b2d57e683c10e74f4b3352d11b4fd8aa11c16e6f0988d9f74c67cfdf?s=96&d=mm&r=g\",\"url\":\"https:\\\/\\\/secure.gravatar.com\\\/avatar\\\/d03fc245b2d57e683c10e74f4b3352d11b4fd8aa11c16e6f0988d9f74c67cfdf?s=96&d=mm&r=g\",\"contentUrl\":\"https:\\\/\\\/secure.gravatar.com\\\/avatar\\\/d03fc245b2d57e683c10e74f4b3352d11b4fd8aa11c16e6f0988d9f74c67cfdf?s=96&d=mm&r=g\",\"caption\":\"Delgado Zuleta\"},\"sameAs\":[\"https:\\\/\\\/delgadozuleta.bgoapps.es\"],\"url\":\"https:\\\/\\\/delgadozuleta.com\\\/en\\\/blog\\\/author\\\/delgadozuletadelgadozuleta-com-2\\\/\"}]}<\/script>\n<!-- \/ Yoast SEO plugin. -->","yoast_head_json":{"title":"CONVOCATORIA DE LA JUNTA GENERAL EXTRAORDINARIA DE ACCIONISTAS DE \u201cDELGADO ZULETA, S.A.\u201d - Bodega Delgado Zuleta","robots":{"index":"index","follow":"follow","max-snippet":"max-snippet:-1","max-image-preview":"max-image-preview:large","max-video-preview":"max-video-preview:-1"},"canonical":"https:\/\/delgadozuleta.com\/en\/blog\/2023\/09\/11\/convocatoria-la-junta-general-extraordinaria-accionistas-delgado-zuleta-s\/","og_locale":"en_US","og_type":"article","og_title":"CONVOCATORIA DE LA JUNTA GENERAL EXTRAORDINARIA DE ACCIONISTAS DE \u201cDELGADO ZULETA, S.A.\u201d - Bodega Delgado Zuleta","og_description":"El \u00f3rgano de administraci\u00f3n de \u201cDELGADO ZULETA, S.A.\u201d, de conformidad con la normativa legal y estatutaria en vigor, ha acordado [&hellip;]","og_url":"https:\/\/delgadozuleta.com\/en\/blog\/2023\/09\/11\/convocatoria-la-junta-general-extraordinaria-accionistas-delgado-zuleta-s\/","og_site_name":"Bodega Delgado Zuleta","article_published_time":"2023-09-11T16:39:10+00:00","og_image":[{"width":1024,"height":768,"url":"https:\/\/delgadozuleta.com\/wp-content\/uploads\/Bodega-Delgado-Zuleta-1024x7681-2.jpg","type":"image\/jpeg"}],"author":"Delgado Zuleta","twitter_card":"summary_large_image","twitter_misc":{"Written by":"Delgado Zuleta","Est. reading time":"1 minute"},"schema":{"@context":"https:\/\/schema.org","@graph":[{"@type":"Article","@id":"https:\/\/delgadozuleta.com\/blog\/2023\/09\/11\/convocatoria-la-junta-general-extraordinaria-accionistas-delgado-zuleta-s\/#article","isPartOf":{"@id":"https:\/\/delgadozuleta.com\/blog\/2023\/09\/11\/convocatoria-la-junta-general-extraordinaria-accionistas-delgado-zuleta-s\/"},"author":{"name":"Delgado Zuleta","@id":"https:\/\/delgadozuleta.com\/#\/schema\/person\/5f15c7e1a9864c3e585fefde0cb00527"},"headline":"CONVOCATORIA DE LA JUNTA GENERAL EXTRAORDINARIA DE ACCIONISTAS DE \u201cDELGADO ZULETA, S.A.\u201d","datePublished":"2023-09-11T16:39:10+00:00","mainEntityOfPage":{"@id":"https:\/\/delgadozuleta.com\/blog\/2023\/09\/11\/convocatoria-la-junta-general-extraordinaria-accionistas-delgado-zuleta-s\/"},"wordCount":174,"publisher":{"@id":"https:\/\/delgadozuleta.com\/#organization"},"image":{"@id":"https:\/\/delgadozuleta.com\/blog\/2023\/09\/11\/convocatoria-la-junta-general-extraordinaria-accionistas-delgado-zuleta-s\/#primaryimage"},"thumbnailUrl":"https:\/\/delgadozuleta.com\/wp-content\/uploads\/Bodega-Delgado-Zuleta-1024x7681-2.jpg","articleSection":["Actualidad"],"inLanguage":"en-US"},{"@type":"WebPage","@id":"https:\/\/delgadozuleta.com\/blog\/2023\/09\/11\/convocatoria-la-junta-general-extraordinaria-accionistas-delgado-zuleta-s\/","url":"https:\/\/delgadozuleta.com\/blog\/2023\/09\/11\/convocatoria-la-junta-general-extraordinaria-accionistas-delgado-zuleta-s\/","name":"CONVOCATORIA DE LA JUNTA GENERAL EXTRAORDINARIA DE ACCIONISTAS DE \u201cDELGADO ZULETA, S.A.\u201d - Bodega Delgado Zuleta","isPartOf":{"@id":"https:\/\/delgadozuleta.com\/#website"},"primaryImageOfPage":{"@id":"https:\/\/delgadozuleta.com\/blog\/2023\/09\/11\/convocatoria-la-junta-general-extraordinaria-accionistas-delgado-zuleta-s\/#primaryimage"},"image":{"@id":"https:\/\/delgadozuleta.com\/blog\/2023\/09\/11\/convocatoria-la-junta-general-extraordinaria-accionistas-delgado-zuleta-s\/#primaryimage"},"thumbnailUrl":"https:\/\/delgadozuleta.com\/wp-content\/uploads\/Bodega-Delgado-Zuleta-1024x7681-2.jpg","datePublished":"2023-09-11T16:39:10+00:00","breadcrumb":{"@id":"https:\/\/delgadozuleta.com\/blog\/2023\/09\/11\/convocatoria-la-junta-general-extraordinaria-accionistas-delgado-zuleta-s\/#breadcrumb"},"inLanguage":"en-US","potentialAction":[{"@type":"ReadAction","target":["https:\/\/delgadozuleta.com\/blog\/2023\/09\/11\/convocatoria-la-junta-general-extraordinaria-accionistas-delgado-zuleta-s\/"]}]},{"@type":"ImageObject","inLanguage":"en-US","@id":"https:\/\/delgadozuleta.com\/blog\/2023\/09\/11\/convocatoria-la-junta-general-extraordinaria-accionistas-delgado-zuleta-s\/#primaryimage","url":"https:\/\/delgadozuleta.com\/wp-content\/uploads\/Bodega-Delgado-Zuleta-1024x7681-2.jpg","contentUrl":"https:\/\/delgadozuleta.com\/wp-content\/uploads\/Bodega-Delgado-Zuleta-1024x7681-2.jpg","width":1024,"height":768},{"@type":"BreadcrumbList","@id":"https:\/\/delgadozuleta.com\/blog\/2023\/09\/11\/convocatoria-la-junta-general-extraordinaria-accionistas-delgado-zuleta-s\/#breadcrumb","itemListElement":[{"@type":"ListItem","position":1,"name":"Portada","item":"https:\/\/delgadozuleta.com\/"},{"@type":"ListItem","position":2,"name":"CONVOCATORIA DE LA JUNTA GENERAL EXTRAORDINARIA DE ACCIONISTAS DE \u201cDELGADO ZULETA, S.A.\u201d"}]},{"@type":"WebSite","@id":"https:\/\/delgadozuleta.com\/#website","url":"https:\/\/delgadozuleta.com\/","name":"Bodega Delgado Zuleta","description":"Hist\u00f3rica bodega del Marco de Jerez especialista en la elaboraci\u00f3n de vinos generosos.","publisher":{"@id":"https:\/\/delgadozuleta.com\/#organization"},"potentialAction":[{"@type":"SearchAction","target":{"@type":"EntryPoint","urlTemplate":"https:\/\/delgadozuleta.com\/?s={search_term_string}"},"query-input":{"@type":"PropertyValueSpecification","valueRequired":true,"valueName":"search_term_string"}}],"inLanguage":"en-US"},{"@type":"Organization","@id":"https:\/\/delgadozuleta.com\/#organization","name":"Bodega Delgado Zuleta","url":"https:\/\/delgadozuleta.com\/","logo":{"@type":"ImageObject","inLanguage":"en-US","@id":"https:\/\/delgadozuleta.com\/#\/schema\/logo\/image\/","url":"https:\/\/delgadozuleta.com\/wp-content\/uploads\/logo-transparente-300x133-1.png","contentUrl":"https:\/\/delgadozuleta.com\/wp-content\/uploads\/logo-transparente-300x133-1.png","width":900,"height":400,"caption":"Bodega Delgado Zuleta"},"image":{"@id":"https:\/\/delgadozuleta.com\/#\/schema\/logo\/image\/"}},{"@type":"Person","@id":"https:\/\/delgadozuleta.com\/#\/schema\/person\/5f15c7e1a9864c3e585fefde0cb00527","name":"Delgado Zuleta","image":{"@type":"ImageObject","inLanguage":"en-US","@id":"https:\/\/secure.gravatar.com\/avatar\/d03fc245b2d57e683c10e74f4b3352d11b4fd8aa11c16e6f0988d9f74c67cfdf?s=96&d=mm&r=g","url":"https:\/\/secure.gravatar.com\/avatar\/d03fc245b2d57e683c10e74f4b3352d11b4fd8aa11c16e6f0988d9f74c67cfdf?s=96&d=mm&r=g","contentUrl":"https:\/\/secure.gravatar.com\/avatar\/d03fc245b2d57e683c10e74f4b3352d11b4fd8aa11c16e6f0988d9f74c67cfdf?s=96&d=mm&r=g","caption":"Delgado Zuleta"},"sameAs":["https:\/\/delgadozuleta.bgoapps.es"],"url":"https:\/\/delgadozuleta.com\/en\/blog\/author\/delgadozuletadelgadozuleta-com-2\/"}]}},"uagb_featured_image_src":{"full":["https:\/\/delgadozuleta.com\/wp-content\/uploads\/Bodega-Delgado-Zuleta-1024x7681-2.jpg",1024,768,false],"thumbnail":["https:\/\/delgadozuleta.com\/wp-content\/uploads\/Bodega-Delgado-Zuleta-1024x7681-2-150x150.jpg",150,150,true],"medium":["https:\/\/delgadozuleta.com\/wp-content\/uploads\/Bodega-Delgado-Zuleta-1024x7681-2-350x263.jpg",350,263,true],"medium_large":["https:\/\/delgadozuleta.com\/wp-content\/uploads\/Bodega-Delgado-Zuleta-1024x7681-2-768x576.jpg",768,576,true],"large":["https:\/\/delgadozuleta.com\/wp-content\/uploads\/Bodega-Delgado-Zuleta-1024x7681-2.jpg",1024,768,false],"1536x1536":["https:\/\/delgadozuleta.com\/wp-content\/uploads\/Bodega-Delgado-Zuleta-1024x7681-2.jpg",1024,768,false],"2048x2048":["https:\/\/delgadozuleta.com\/wp-content\/uploads\/Bodega-Delgado-Zuleta-1024x7681-2.jpg",1024,768,false],"trp-custom-language-flag":["https:\/\/delgadozuleta.com\/wp-content\/uploads\/Bodega-Delgado-Zuleta-1024x7681-2-16x12.jpg",16,12,true],"woocommerce_thumbnail":["https:\/\/delgadozuleta.com\/wp-content\/uploads\/Bodega-Delgado-Zuleta-1024x7681-2-400x600.jpg",400,600,true],"woocommerce_single":["https:\/\/delgadozuleta.com\/wp-content\/uploads\/Bodega-Delgado-Zuleta-1024x7681-2-510x382.jpg",510,382,true],"woocommerce_gallery_thumbnail":["https:\/\/delgadozuleta.com\/wp-content\/uploads\/Bodega-Delgado-Zuleta-1024x7681-2-100x100.jpg",100,100,true]},"uagb_author_info":{"display_name":"Delgado Zuleta","author_link":"https:\/\/delgadozuleta.com\/en\/blog\/author\/delgadozuletadelgadozuleta-com-2\/"},"uagb_comment_info":0,"uagb_excerpt":"El \u00f3rgano de administraci\u00f3n de \u201cDELGADO ZULETA, S.A.\u201d, de conformidad con la normativa legal y estatutaria en vigor, ha acordado [&hellip;]","_links":{"self":[{"href":"https:\/\/delgadozuleta.com\/en\/wp-json\/wp\/v2\/posts\/9320","targetHints":{"allow":["GET"]}}],"collection":[{"href":"https:\/\/delgadozuleta.com\/en\/wp-json\/wp\/v2\/posts"}],"about":[{"href":"https:\/\/delgadozuleta.com\/en\/wp-json\/wp\/v2\/types\/post"}],"author":[{"embeddable":true,"href":"https:\/\/delgadozuleta.com\/en\/wp-json\/wp\/v2\/users\/616"}],"replies":[{"embeddable":true,"href":"https:\/\/delgadozuleta.com\/en\/wp-json\/wp\/v2\/comments?post=9320"}],"version-history":[{"count":0,"href":"https:\/\/delgadozuleta.com\/en\/wp-json\/wp\/v2\/posts\/9320\/revisions"}],"wp:featuredmedia":[{"embeddable":true,"href":"https:\/\/delgadozuleta.com\/en\/wp-json\/wp\/v2\/media\/9292"}],"wp:attachment":[{"href":"https:\/\/delgadozuleta.com\/en\/wp-json\/wp\/v2\/media?parent=9320"}],"wp:term":[{"taxonomy":"category","embeddable":true,"href":"https:\/\/delgadozuleta.com\/en\/wp-json\/wp\/v2\/categories?post=9320"},{"taxonomy":"post_tag","embeddable":true,"href":"https:\/\/delgadozuleta.com\/en\/wp-json\/wp\/v2\/tags?post=9320"}],"curies":[{"name":"wp","href":"https:\/\/api.w.org\/{rel}","templated":true}]}}