{"id":9304,"date":"2023-03-23T08:52:46","date_gmt":"2023-03-23T06:52:46","guid":{"rendered":"https:\/\/delgadozuleta.bgoapps.es\/actualidad\/delgado-zuleta-presenta-la-nueva-saca-goya-xl-conmemorar-decimo-aniversario\/"},"modified":"2023-03-23T08:52:46","modified_gmt":"2023-03-23T06:52:46","slug":"delgado-zuleta-presenta-la-nueva-saca-goya-xl-conmemorar-decimo-aniversario","status":"publish","type":"post","link":"https:\/\/delgadozuleta.com\/en\/blog\/2023\/03\/23\/delgado-zuleta-presenta-la-nueva-saca-goya-xl-conmemorar-decimo-aniversario\/","title":{"rendered":"Delgado Zuleta presenta la nueva saca de Goya XL para conmemorar su d\u00e9cimo aniversario"},"content":{"rendered":"<p style=\"font-weight: 400\">La imponente <a href=\"https:\/\/fortissima.es\/terraza\/\" target=\"_blank\" rel=\"noopener\">Gastroterraza La Fort\u00edssima<\/a>, a un paso de la Giralda de Sevilla, ha acogido la presentaci\u00f3n de la nueva saca de <a href=\"https:\/\/delgadozuleta.com\/en\/tienda\/manzanilla-goya-xl\/\" target=\"_blank\" rel=\"noopener\">Goya XL<\/a>, que conmemora el d\u00e9cimo aniversario del lanzamiento de esta singular manzanilla. Durante el evento, los asistentes han podido disfrutar de una cata en L, lo que les ha permitido conocer, de manera excepcional, una serie de vinos no comercializados por la bodega, pero imprescindibles en el proceso de creaci\u00f3n de un vino tan singular. Primero se cataron 2 de las 3 clases \u2013 la primera y la segunda- que forman las criaderas de Goya XL, para ir conociendo la evoluci\u00f3n temporal de esta manzanilla durante las diferentes etapas de su crianza, para posteriormente catar 2 vinos extra\u00eddo de botas seleccionadas de la solera, en concreto la 15 y la 8, que muestran a las claras la riqueza y la diversidad que pueden llegar a atesorar manzanillas con una vejez media que supera la d\u00e9cada, para finalizar ya degustando la propia Goya XL.<\/p>\n<p style=\"font-weight: 400\"><a href=\"https:\/\/delgadozuleta.com\/wp-content\/uploads\/Jos\u00e9-Antonio-S\u00e1nchez-Pazo-Carmen-Aumesquet-y-Jos\u00e9-Federico-Carvajal.jpg\"><img loading=\"lazy\" decoding=\"async\" class=\"aligncenter size-full wp-image-5968\" src=\"https:\/\/delgadozuleta.com\/wp-content\/uploads\/Jos\u00e9-Antonio-S\u00e1nchez-Pazo-Carmen-Aumesquet-y-Jos\u00e9-Federico-Carvajal.jpg\" alt=\"Jos\u00e9 Antonio S\u00e1nchez Pazo, Carmen Aumesquet y Jos\u00e9 Federico Carvajal\" width=\"4624\" height=\"3468\" \/><\/a><\/p>\n<p style=\"font-weight: 400\">Despu\u00e9s de llevar 270 a\u00f1os haciendo vino puede resultar arriesgado que una bodega afirme estar ante la mejor manzanilla de su historia, pero las pruebas no dejan lugar a la duda. Goya XL puede presumir tanto de los 93 puntos otorgados por el mayor gur\u00fa enol\u00f3gico del mundo, Robert Parker, como de la medalla de oro en la <a href=\"https:\/\/www.internationalwinechallenge.com\" target=\"_blank\" rel=\"noopener\">International Wine Challenge<\/a>, pero sobre todo puede estar orgullosa de ser considerada por muchos expertos como la mejor manzanilla de Sanl\u00facar de Barrameda. Un vino que se da solo cuando las condiciones son inmejorables, lo que lo convierte en un producto a\u00fan m\u00e1s exclusivo y al alcance de muy pocos debido a su saca selecta y limitada. Directamente de las botas, cuidadosamente seleccionadas por el en\u00f3logo de <a href=\"https:\/\/delgadozuleta.bgoapps.es\" target=\"_blank\" rel=\"noopener\">Delgado Zuleta<\/a>, Jos\u00e9 Antonio S\u00e1nchez Pazo, a la botella, con un ligero filtrado para eliminar los restos de levadura, es decir, en rama.<\/p>\n<p style=\"font-weight: 400\">\u00a0<a href=\"https:\/\/delgadozuleta.com\/wp-content\/uploads\/IMG_0836-min.jpg\"><img loading=\"lazy\" decoding=\"async\" class=\"aligncenter size-full wp-image-5970\" src=\"https:\/\/delgadozuleta.com\/wp-content\/uploads\/IMG_0836-min.jpg\" alt=\"IMG_0836-min\" width=\"3024\" height=\"4032\" \/><\/a><\/p>\n<p style=\"font-weight: 400\">Para crear un vino tan excepcional como este, se tienen que dar muchas circunstancias excepcionales que s\u00f3lo cuando se cumplen todas ellas justifican que el en\u00f3logo decida hacer una saca limitada de esta manzanilla. En primer lugar, es un vino asentado, mezcla de muchos a\u00f1os de crianza intensa con otros de envejecimiento m\u00e1s reposado, en un dif\u00edcil equilibrio permanente que le permita seguir cumpliendo a\u00f1os sin perder la flor. Adem\u00e1s, es una manzanilla reposada, tras muchos a\u00f1os de quietud y ligeros roc\u00edos que han ido aportando nutrientes a las levaduras del velo. Las botas de las que procede esta manzanilla en rama pertenecen a una exclusiva Solera Reservada de La Goya, seleccionadas entre las m\u00e1s singulares y exquisitas de todo su patrimonio enol\u00f3gico, tras catar cada vasija una a una todos los meses durante a\u00f1os. Esta solera hunde sus ra\u00edces en la Bodega La Casa, un antiguo casco subterr\u00e1neo que estaba situado junto a Bajo de Gu\u00eda y que era la bodega propia de los accionistas de la empresa, donde iban a parar los mejores mostos para su cuidado y prolongado envejecimiento. Los vinos all\u00ed producidos no llegaban a salir a la venta, quedando para consumo propio de las familias propietarias y compromisos y atenciones protocolarias de la empresa.<\/p>\n<p style=\"font-weight: 400\">Tras el traslado a las nuevas instalaciones de la bodega en la salida de Sanl\u00facar hacia Chipiona, en un emplazamiento \u00f3ptimo para el envejecimiento de vinos generosos por su humedad, temperatura, exposici\u00f3n al Poniente y orientaci\u00f3n suroeste, esta Solera Reservada \u2013despu\u00e9s de un prolongado proceso de reposo y aclimataci\u00f3n y una paciente labor de restauraci\u00f3n, duela a duela, de las botas viejas- da origen a esta manzanilla pasada en rama Goya XL. Delgado Zuleta nunca hab\u00eda embotellado estas soleras hasta el a\u00f1o 2013, justo cuando el en\u00f3logo del momento y los experimentados capataces concluyeron que estaba en su momento \u00f3ptimo. Desde entonces las sacas de Goya XL no han seguido ning\u00fan patr\u00f3n y solo se han vuelto a repetir en muy contadas ocasiones. Con una media de envejecimiento de m\u00e1s de 10 a\u00f1os, Goya XL conserva toda la tradici\u00f3n de la crianza bajo velo de flor. Es una manzanilla asentada, larga, persistente. Una manzanilla madura, reposada. Una manzanilla \u201cmuy sanluque\u00f1a\u201d. Posee un color intenso, limpio y brillante; en nariz se aprecian las notas punzantes equilibradas; y en boca es seca, fresca, con connotaciones marinas y recuerdos a aceitunas. Se presenta en botellas de 0\u00b45 litros, con un dise\u00f1o innovador que mantiene la esencia del producto.<\/p>","protected":false},"excerpt":{"rendered":"<p>La imponente Gastroterraza La Fort\u00edssima, a un paso de la Giralda de Sevilla, ha acogido la presentaci\u00f3n de la nueva [&hellip;]<\/p>\n","protected":false},"author":616,"featured_media":9305,"comment_status":"closed","ping_status":"closed","sticky":false,"template":"","format":"standard","meta":{"inline_featured_image":false,"_uag_custom_page_level_css":"","site-sidebar-layout":"default","site-content-layout":"","ast-site-content-layout":"default","site-content-style":"default","site-sidebar-style":"default","ast-global-header-display":"","ast-banner-title-visibility":"","ast-main-header-display":"","ast-hfb-above-header-display":"","ast-hfb-below-header-display":"","ast-hfb-mobile-header-display":"","site-post-title":"","ast-breadcrumbs-content":"","ast-featured-img":"","footer-sml-layout":"","ast-disable-related-posts":"","theme-transparent-header-meta":"","adv-header-id-meta":"","stick-header-meta":"","header-above-stick-meta":"","header-main-stick-meta":"","header-below-stick-meta":"","astra-migrate-meta-layouts":"default","ast-page-background-enabled":"default","ast-page-background-meta":{"desktop":{"background-color":"var(--ast-global-color-5)","background-image":"","background-repeat":"repeat","background-position":"center center","background-size":"auto","background-attachment":"scroll","background-type":"","background-media":"","overlay-type":"","overlay-color":"","overlay-opacity":"","overlay-gradient":""},"tablet":{"background-color":"","background-image":"","background-repeat":"repeat","background-position":"center center","background-size":"auto","background-attachment":"scroll","background-type":"","background-media":"","overlay-type":"","overlay-color":"","overlay-opacity":"","overlay-gradient":""},"mobile":{"background-color":"","background-image":"","background-repeat":"repeat","background-position":"center center","background-size":"auto","background-attachment":"scroll","background-type":"","background-media":"","overlay-type":"","overlay-color":"","overlay-opacity":"","overlay-gradient":""}},"ast-content-background-meta":{"desktop":{"background-color":"var(--ast-global-color-4)","background-image":"","background-repeat":"repeat","background-position":"center center","background-size":"auto","background-attachment":"scroll","background-type":"","background-media":"","overlay-type":"","overlay-color":"","overlay-opacity":"","overlay-gradient":""},"tablet":{"background-color":"var(--ast-global-color-4)","background-image":"","background-repeat":"repeat","background-position":"center center","background-size":"auto","background-attachment":"scroll","background-type":"","background-media":"","overlay-type":"","overlay-color":"","overlay-opacity":"","overlay-gradient":""},"mobile":{"background-color":"var(--ast-global-color-4)","background-image":"","background-repeat":"repeat","background-position":"center center","background-size":"auto","background-attachment":"scroll","background-type":"","background-media":"","overlay-type":"","overlay-color":"","overlay-opacity":"","overlay-gradient":""}},"footnotes":""},"categories":[1],"tags":[],"class_list":["post-9304","post","type-post","status-publish","format-standard","has-post-thumbnail","hentry","category-actualidad"],"yoast_head":"<!-- This site is optimized with the Yoast SEO plugin v27.3 - https:\/\/yoast.com\/product\/yoast-seo-wordpress\/ -->\n<title>Delgado Zuleta presenta la nueva saca de Goya XL para conmemorar su d\u00e9cimo aniversario - Bodega Delgado Zuleta<\/title>\n<meta name=\"robots\" content=\"index, follow, max-snippet:-1, max-image-preview:large, max-video-preview:-1\" \/>\n<link rel=\"canonical\" href=\"https:\/\/delgadozuleta.com\/en\/blog\/2023\/03\/23\/delgado-zuleta-presenta-la-nueva-saca-goya-xl-conmemorar-decimo-aniversario\/\" \/>\n<meta property=\"og:locale\" content=\"en_US\" \/>\n<meta property=\"og:type\" content=\"article\" \/>\n<meta property=\"og:title\" content=\"Delgado Zuleta presenta la nueva saca de Goya XL para conmemorar su d\u00e9cimo aniversario - Bodega Delgado Zuleta\" \/>\n<meta property=\"og:description\" content=\"La imponente Gastroterraza La Fort\u00edssima, a un paso de la Giralda de Sevilla, ha acogido la presentaci\u00f3n de la nueva [&hellip;]\" \/>\n<meta property=\"og:url\" content=\"https:\/\/delgadozuleta.com\/en\/blog\/2023\/03\/23\/delgado-zuleta-presenta-la-nueva-saca-goya-xl-conmemorar-decimo-aniversario\/\" \/>\n<meta property=\"og:site_name\" content=\"Bodega Delgado Zuleta\" \/>\n<meta property=\"article:published_time\" content=\"2023-03-23T06:52:46+00:00\" \/>\n<meta property=\"og:image\" content=\"https:\/\/delgadozuleta.com\/wp-content\/uploads\/Jose-Antonio-Sanchez-Pazo-Carmen-Aumesquet-y-Jose-Federico-Carvajal-scaled.jpg\" \/>\n\t<meta property=\"og:image:width\" content=\"2560\" \/>\n\t<meta property=\"og:image:height\" content=\"1920\" \/>\n\t<meta property=\"og:image:type\" content=\"image\/jpeg\" \/>\n<meta name=\"author\" content=\"Delgado Zuleta\" \/>\n<meta name=\"twitter:card\" content=\"summary_large_image\" \/>\n<meta name=\"twitter:label1\" content=\"Written by\" \/>\n\t<meta name=\"twitter:data1\" content=\"Delgado Zuleta\" \/>\n\t<meta name=\"twitter:label2\" content=\"Est. reading time\" \/>\n\t<meta name=\"twitter:data2\" content=\"4 minutes\" \/>\n<script type=\"application\/ld+json\" class=\"yoast-schema-graph\">{\"@context\":\"https:\\\/\\\/schema.org\",\"@graph\":[{\"@type\":\"Article\",\"@id\":\"https:\\\/\\\/delgadozuleta.com\\\/blog\\\/2023\\\/03\\\/23\\\/delgado-zuleta-presenta-la-nueva-saca-goya-xl-conmemorar-decimo-aniversario\\\/#article\",\"isPartOf\":{\"@id\":\"https:\\\/\\\/delgadozuleta.com\\\/blog\\\/2023\\\/03\\\/23\\\/delgado-zuleta-presenta-la-nueva-saca-goya-xl-conmemorar-decimo-aniversario\\\/\"},\"author\":{\"name\":\"Delgado Zuleta\",\"@id\":\"https:\\\/\\\/delgadozuleta.com\\\/#\\\/schema\\\/person\\\/5f15c7e1a9864c3e585fefde0cb00527\"},\"headline\":\"Delgado Zuleta presenta la nueva saca de Goya XL para conmemorar su d\u00e9cimo aniversario\",\"datePublished\":\"2023-03-23T06:52:46+00:00\",\"mainEntityOfPage\":{\"@id\":\"https:\\\/\\\/delgadozuleta.com\\\/blog\\\/2023\\\/03\\\/23\\\/delgado-zuleta-presenta-la-nueva-saca-goya-xl-conmemorar-decimo-aniversario\\\/\"},\"wordCount\":778,\"publisher\":{\"@id\":\"https:\\\/\\\/delgadozuleta.com\\\/#organization\"},\"image\":{\"@id\":\"https:\\\/\\\/delgadozuleta.com\\\/blog\\\/2023\\\/03\\\/23\\\/delgado-zuleta-presenta-la-nueva-saca-goya-xl-conmemorar-decimo-aniversario\\\/#primaryimage\"},\"thumbnailUrl\":\"https:\\\/\\\/delgadozuleta.com\\\/wp-content\\\/uploads\\\/Jose-Antonio-Sanchez-Pazo-Carmen-Aumesquet-y-Jose-Federico-Carvajal-scaled.jpg\",\"articleSection\":[\"Actualidad\"],\"inLanguage\":\"en-US\"},{\"@type\":\"WebPage\",\"@id\":\"https:\\\/\\\/delgadozuleta.com\\\/blog\\\/2023\\\/03\\\/23\\\/delgado-zuleta-presenta-la-nueva-saca-goya-xl-conmemorar-decimo-aniversario\\\/\",\"url\":\"https:\\\/\\\/delgadozuleta.com\\\/blog\\\/2023\\\/03\\\/23\\\/delgado-zuleta-presenta-la-nueva-saca-goya-xl-conmemorar-decimo-aniversario\\\/\",\"name\":\"Delgado Zuleta presenta la nueva saca de Goya XL para conmemorar su d\u00e9cimo aniversario - Bodega Delgado Zuleta\",\"isPartOf\":{\"@id\":\"https:\\\/\\\/delgadozuleta.com\\\/#website\"},\"primaryImageOfPage\":{\"@id\":\"https:\\\/\\\/delgadozuleta.com\\\/blog\\\/2023\\\/03\\\/23\\\/delgado-zuleta-presenta-la-nueva-saca-goya-xl-conmemorar-decimo-aniversario\\\/#primaryimage\"},\"image\":{\"@id\":\"https:\\\/\\\/delgadozuleta.com\\\/blog\\\/2023\\\/03\\\/23\\\/delgado-zuleta-presenta-la-nueva-saca-goya-xl-conmemorar-decimo-aniversario\\\/#primaryimage\"},\"thumbnailUrl\":\"https:\\\/\\\/delgadozuleta.com\\\/wp-content\\\/uploads\\\/Jose-Antonio-Sanchez-Pazo-Carmen-Aumesquet-y-Jose-Federico-Carvajal-scaled.jpg\",\"datePublished\":\"2023-03-23T06:52:46+00:00\",\"breadcrumb\":{\"@id\":\"https:\\\/\\\/delgadozuleta.com\\\/blog\\\/2023\\\/03\\\/23\\\/delgado-zuleta-presenta-la-nueva-saca-goya-xl-conmemorar-decimo-aniversario\\\/#breadcrumb\"},\"inLanguage\":\"en-US\",\"potentialAction\":[{\"@type\":\"ReadAction\",\"target\":[\"https:\\\/\\\/delgadozuleta.com\\\/blog\\\/2023\\\/03\\\/23\\\/delgado-zuleta-presenta-la-nueva-saca-goya-xl-conmemorar-decimo-aniversario\\\/\"]}]},{\"@type\":\"ImageObject\",\"inLanguage\":\"en-US\",\"@id\":\"https:\\\/\\\/delgadozuleta.com\\\/blog\\\/2023\\\/03\\\/23\\\/delgado-zuleta-presenta-la-nueva-saca-goya-xl-conmemorar-decimo-aniversario\\\/#primaryimage\",\"url\":\"https:\\\/\\\/delgadozuleta.com\\\/wp-content\\\/uploads\\\/Jose-Antonio-Sanchez-Pazo-Carmen-Aumesquet-y-Jose-Federico-Carvajal-scaled.jpg\",\"contentUrl\":\"https:\\\/\\\/delgadozuleta.com\\\/wp-content\\\/uploads\\\/Jose-Antonio-Sanchez-Pazo-Carmen-Aumesquet-y-Jose-Federico-Carvajal-scaled.jpg\",\"width\":2560,\"height\":1920},{\"@type\":\"BreadcrumbList\",\"@id\":\"https:\\\/\\\/delgadozuleta.com\\\/blog\\\/2023\\\/03\\\/23\\\/delgado-zuleta-presenta-la-nueva-saca-goya-xl-conmemorar-decimo-aniversario\\\/#breadcrumb\",\"itemListElement\":[{\"@type\":\"ListItem\",\"position\":1,\"name\":\"Portada\",\"item\":\"https:\\\/\\\/delgadozuleta.com\\\/\"},{\"@type\":\"ListItem\",\"position\":2,\"name\":\"Delgado Zuleta presenta la nueva saca de Goya XL para conmemorar su d\u00e9cimo aniversario\"}]},{\"@type\":\"WebSite\",\"@id\":\"https:\\\/\\\/delgadozuleta.com\\\/#website\",\"url\":\"https:\\\/\\\/delgadozuleta.com\\\/\",\"name\":\"Bodega Delgado Zuleta\",\"description\":\"Hist\u00f3rica bodega del Marco de Jerez especialista en la elaboraci\u00f3n de vinos generosos.\",\"publisher\":{\"@id\":\"https:\\\/\\\/delgadozuleta.com\\\/#organization\"},\"potentialAction\":[{\"@type\":\"SearchAction\",\"target\":{\"@type\":\"EntryPoint\",\"urlTemplate\":\"https:\\\/\\\/delgadozuleta.com\\\/?s={search_term_string}\"},\"query-input\":{\"@type\":\"PropertyValueSpecification\",\"valueRequired\":true,\"valueName\":\"search_term_string\"}}],\"inLanguage\":\"en-US\"},{\"@type\":\"Organization\",\"@id\":\"https:\\\/\\\/delgadozuleta.com\\\/#organization\",\"name\":\"Bodega Delgado Zuleta\",\"url\":\"https:\\\/\\\/delgadozuleta.com\\\/\",\"logo\":{\"@type\":\"ImageObject\",\"inLanguage\":\"en-US\",\"@id\":\"https:\\\/\\\/delgadozuleta.com\\\/#\\\/schema\\\/logo\\\/image\\\/\",\"url\":\"https:\\\/\\\/delgadozuleta.com\\\/wp-content\\\/uploads\\\/logo-transparente-300x133-1.png\",\"contentUrl\":\"https:\\\/\\\/delgadozuleta.com\\\/wp-content\\\/uploads\\\/logo-transparente-300x133-1.png\",\"width\":900,\"height\":400,\"caption\":\"Bodega Delgado Zuleta\"},\"image\":{\"@id\":\"https:\\\/\\\/delgadozuleta.com\\\/#\\\/schema\\\/logo\\\/image\\\/\"}},{\"@type\":\"Person\",\"@id\":\"https:\\\/\\\/delgadozuleta.com\\\/#\\\/schema\\\/person\\\/5f15c7e1a9864c3e585fefde0cb00527\",\"name\":\"Delgado Zuleta\",\"image\":{\"@type\":\"ImageObject\",\"inLanguage\":\"en-US\",\"@id\":\"https:\\\/\\\/secure.gravatar.com\\\/avatar\\\/d03fc245b2d57e683c10e74f4b3352d11b4fd8aa11c16e6f0988d9f74c67cfdf?s=96&d=mm&r=g\",\"url\":\"https:\\\/\\\/secure.gravatar.com\\\/avatar\\\/d03fc245b2d57e683c10e74f4b3352d11b4fd8aa11c16e6f0988d9f74c67cfdf?s=96&d=mm&r=g\",\"contentUrl\":\"https:\\\/\\\/secure.gravatar.com\\\/avatar\\\/d03fc245b2d57e683c10e74f4b3352d11b4fd8aa11c16e6f0988d9f74c67cfdf?s=96&d=mm&r=g\",\"caption\":\"Delgado Zuleta\"},\"sameAs\":[\"https:\\\/\\\/delgadozuleta.bgoapps.es\"],\"url\":\"https:\\\/\\\/delgadozuleta.com\\\/en\\\/blog\\\/author\\\/delgadozuletadelgadozuleta-com-2\\\/\"}]}<\/script>\n<!-- \/ Yoast SEO plugin. -->","yoast_head_json":{"title":"Delgado Zuleta presenta la nueva saca de Goya XL para conmemorar su d\u00e9cimo aniversario - Bodega Delgado Zuleta","robots":{"index":"index","follow":"follow","max-snippet":"max-snippet:-1","max-image-preview":"max-image-preview:large","max-video-preview":"max-video-preview:-1"},"canonical":"https:\/\/delgadozuleta.com\/en\/blog\/2023\/03\/23\/delgado-zuleta-presenta-la-nueva-saca-goya-xl-conmemorar-decimo-aniversario\/","og_locale":"en_US","og_type":"article","og_title":"Delgado Zuleta presenta la nueva saca de Goya XL para conmemorar su d\u00e9cimo aniversario - Bodega Delgado Zuleta","og_description":"La imponente Gastroterraza La Fort\u00edssima, a un paso de la Giralda de Sevilla, ha acogido la presentaci\u00f3n de la nueva [&hellip;]","og_url":"https:\/\/delgadozuleta.com\/en\/blog\/2023\/03\/23\/delgado-zuleta-presenta-la-nueva-saca-goya-xl-conmemorar-decimo-aniversario\/","og_site_name":"Bodega Delgado Zuleta","article_published_time":"2023-03-23T06:52:46+00:00","og_image":[{"width":2560,"height":1920,"url":"https:\/\/delgadozuleta.com\/wp-content\/uploads\/Jose-Antonio-Sanchez-Pazo-Carmen-Aumesquet-y-Jose-Federico-Carvajal-scaled.jpg","type":"image\/jpeg"}],"author":"Delgado Zuleta","twitter_card":"summary_large_image","twitter_misc":{"Written by":"Delgado Zuleta","Est. reading time":"4 minutes"},"schema":{"@context":"https:\/\/schema.org","@graph":[{"@type":"Article","@id":"https:\/\/delgadozuleta.com\/blog\/2023\/03\/23\/delgado-zuleta-presenta-la-nueva-saca-goya-xl-conmemorar-decimo-aniversario\/#article","isPartOf":{"@id":"https:\/\/delgadozuleta.com\/blog\/2023\/03\/23\/delgado-zuleta-presenta-la-nueva-saca-goya-xl-conmemorar-decimo-aniversario\/"},"author":{"name":"Delgado Zuleta","@id":"https:\/\/delgadozuleta.com\/#\/schema\/person\/5f15c7e1a9864c3e585fefde0cb00527"},"headline":"Delgado Zuleta presenta la nueva saca de Goya XL para conmemorar su d\u00e9cimo aniversario","datePublished":"2023-03-23T06:52:46+00:00","mainEntityOfPage":{"@id":"https:\/\/delgadozuleta.com\/blog\/2023\/03\/23\/delgado-zuleta-presenta-la-nueva-saca-goya-xl-conmemorar-decimo-aniversario\/"},"wordCount":778,"publisher":{"@id":"https:\/\/delgadozuleta.com\/#organization"},"image":{"@id":"https:\/\/delgadozuleta.com\/blog\/2023\/03\/23\/delgado-zuleta-presenta-la-nueva-saca-goya-xl-conmemorar-decimo-aniversario\/#primaryimage"},"thumbnailUrl":"https:\/\/delgadozuleta.com\/wp-content\/uploads\/Jose-Antonio-Sanchez-Pazo-Carmen-Aumesquet-y-Jose-Federico-Carvajal-scaled.jpg","articleSection":["Actualidad"],"inLanguage":"en-US"},{"@type":"WebPage","@id":"https:\/\/delgadozuleta.com\/blog\/2023\/03\/23\/delgado-zuleta-presenta-la-nueva-saca-goya-xl-conmemorar-decimo-aniversario\/","url":"https:\/\/delgadozuleta.com\/blog\/2023\/03\/23\/delgado-zuleta-presenta-la-nueva-saca-goya-xl-conmemorar-decimo-aniversario\/","name":"Delgado Zuleta presenta la nueva saca de Goya XL para conmemorar su d\u00e9cimo aniversario - Bodega Delgado Zuleta","isPartOf":{"@id":"https:\/\/delgadozuleta.com\/#website"},"primaryImageOfPage":{"@id":"https:\/\/delgadozuleta.com\/blog\/2023\/03\/23\/delgado-zuleta-presenta-la-nueva-saca-goya-xl-conmemorar-decimo-aniversario\/#primaryimage"},"image":{"@id":"https:\/\/delgadozuleta.com\/blog\/2023\/03\/23\/delgado-zuleta-presenta-la-nueva-saca-goya-xl-conmemorar-decimo-aniversario\/#primaryimage"},"thumbnailUrl":"https:\/\/delgadozuleta.com\/wp-content\/uploads\/Jose-Antonio-Sanchez-Pazo-Carmen-Aumesquet-y-Jose-Federico-Carvajal-scaled.jpg","datePublished":"2023-03-23T06:52:46+00:00","breadcrumb":{"@id":"https:\/\/delgadozuleta.com\/blog\/2023\/03\/23\/delgado-zuleta-presenta-la-nueva-saca-goya-xl-conmemorar-decimo-aniversario\/#breadcrumb"},"inLanguage":"en-US","potentialAction":[{"@type":"ReadAction","target":["https:\/\/delgadozuleta.com\/blog\/2023\/03\/23\/delgado-zuleta-presenta-la-nueva-saca-goya-xl-conmemorar-decimo-aniversario\/"]}]},{"@type":"ImageObject","inLanguage":"en-US","@id":"https:\/\/delgadozuleta.com\/blog\/2023\/03\/23\/delgado-zuleta-presenta-la-nueva-saca-goya-xl-conmemorar-decimo-aniversario\/#primaryimage","url":"https:\/\/delgadozuleta.com\/wp-content\/uploads\/Jose-Antonio-Sanchez-Pazo-Carmen-Aumesquet-y-Jose-Federico-Carvajal-scaled.jpg","contentUrl":"https:\/\/delgadozuleta.com\/wp-content\/uploads\/Jose-Antonio-Sanchez-Pazo-Carmen-Aumesquet-y-Jose-Federico-Carvajal-scaled.jpg","width":2560,"height":1920},{"@type":"BreadcrumbList","@id":"https:\/\/delgadozuleta.com\/blog\/2023\/03\/23\/delgado-zuleta-presenta-la-nueva-saca-goya-xl-conmemorar-decimo-aniversario\/#breadcrumb","itemListElement":[{"@type":"ListItem","position":1,"name":"Portada","item":"https:\/\/delgadozuleta.com\/"},{"@type":"ListItem","position":2,"name":"Delgado Zuleta presenta la nueva saca de Goya XL para conmemorar su d\u00e9cimo aniversario"}]},{"@type":"WebSite","@id":"https:\/\/delgadozuleta.com\/#website","url":"https:\/\/delgadozuleta.com\/","name":"Bodega Delgado Zuleta","description":"Hist\u00f3rica bodega del Marco de Jerez especialista en la elaboraci\u00f3n de vinos generosos.","publisher":{"@id":"https:\/\/delgadozuleta.com\/#organization"},"potentialAction":[{"@type":"SearchAction","target":{"@type":"EntryPoint","urlTemplate":"https:\/\/delgadozuleta.com\/?s={search_term_string}"},"query-input":{"@type":"PropertyValueSpecification","valueRequired":true,"valueName":"search_term_string"}}],"inLanguage":"en-US"},{"@type":"Organization","@id":"https:\/\/delgadozuleta.com\/#organization","name":"Bodega Delgado Zuleta","url":"https:\/\/delgadozuleta.com\/","logo":{"@type":"ImageObject","inLanguage":"en-US","@id":"https:\/\/delgadozuleta.com\/#\/schema\/logo\/image\/","url":"https:\/\/delgadozuleta.com\/wp-content\/uploads\/logo-transparente-300x133-1.png","contentUrl":"https:\/\/delgadozuleta.com\/wp-content\/uploads\/logo-transparente-300x133-1.png","width":900,"height":400,"caption":"Bodega Delgado Zuleta"},"image":{"@id":"https:\/\/delgadozuleta.com\/#\/schema\/logo\/image\/"}},{"@type":"Person","@id":"https:\/\/delgadozuleta.com\/#\/schema\/person\/5f15c7e1a9864c3e585fefde0cb00527","name":"Delgado Zuleta","image":{"@type":"ImageObject","inLanguage":"en-US","@id":"https:\/\/secure.gravatar.com\/avatar\/d03fc245b2d57e683c10e74f4b3352d11b4fd8aa11c16e6f0988d9f74c67cfdf?s=96&d=mm&r=g","url":"https:\/\/secure.gravatar.com\/avatar\/d03fc245b2d57e683c10e74f4b3352d11b4fd8aa11c16e6f0988d9f74c67cfdf?s=96&d=mm&r=g","contentUrl":"https:\/\/secure.gravatar.com\/avatar\/d03fc245b2d57e683c10e74f4b3352d11b4fd8aa11c16e6f0988d9f74c67cfdf?s=96&d=mm&r=g","caption":"Delgado Zuleta"},"sameAs":["https:\/\/delgadozuleta.bgoapps.es"],"url":"https:\/\/delgadozuleta.com\/en\/blog\/author\/delgadozuletadelgadozuleta-com-2\/"}]}},"uagb_featured_image_src":{"full":["https:\/\/delgadozuleta.com\/wp-content\/uploads\/Jose-Antonio-Sanchez-Pazo-Carmen-Aumesquet-y-Jose-Federico-Carvajal-scaled.jpg",2560,1920,false],"thumbnail":["https:\/\/delgadozuleta.com\/wp-content\/uploads\/Jose-Antonio-Sanchez-Pazo-Carmen-Aumesquet-y-Jose-Federico-Carvajal-150x150.jpg",150,150,true],"medium":["https:\/\/delgadozuleta.com\/wp-content\/uploads\/Jose-Antonio-Sanchez-Pazo-Carmen-Aumesquet-y-Jose-Federico-Carvajal-350x263.jpg",350,263,true],"medium_large":["https:\/\/delgadozuleta.com\/wp-content\/uploads\/Jose-Antonio-Sanchez-Pazo-Carmen-Aumesquet-y-Jose-Federico-Carvajal-768x576.jpg",768,576,true],"large":["https:\/\/delgadozuleta.com\/wp-content\/uploads\/Jose-Antonio-Sanchez-Pazo-Carmen-Aumesquet-y-Jose-Federico-Carvajal-1024x768.jpg",1024,768,true],"1536x1536":["https:\/\/delgadozuleta.com\/wp-content\/uploads\/Jose-Antonio-Sanchez-Pazo-Carmen-Aumesquet-y-Jose-Federico-Carvajal-1536x1152.jpg",1536,1152,true],"2048x2048":["https:\/\/delgadozuleta.com\/wp-content\/uploads\/Jose-Antonio-Sanchez-Pazo-Carmen-Aumesquet-y-Jose-Federico-Carvajal-2048x1536.jpg",2048,1536,true],"trp-custom-language-flag":["https:\/\/delgadozuleta.com\/wp-content\/uploads\/Jose-Antonio-Sanchez-Pazo-Carmen-Aumesquet-y-Jose-Federico-Carvajal-16x12.jpg",16,12,true],"woocommerce_thumbnail":["https:\/\/delgadozuleta.com\/wp-content\/uploads\/Jose-Antonio-Sanchez-Pazo-Carmen-Aumesquet-y-Jose-Federico-Carvajal-400x600.jpg",400,600,true],"woocommerce_single":["https:\/\/delgadozuleta.com\/wp-content\/uploads\/Jose-Antonio-Sanchez-Pazo-Carmen-Aumesquet-y-Jose-Federico-Carvajal-510x382.jpg",510,382,true],"woocommerce_gallery_thumbnail":["https:\/\/delgadozuleta.com\/wp-content\/uploads\/Jose-Antonio-Sanchez-Pazo-Carmen-Aumesquet-y-Jose-Federico-Carvajal-100x100.jpg",100,100,true]},"uagb_author_info":{"display_name":"Delgado Zuleta","author_link":"https:\/\/delgadozuleta.com\/en\/blog\/author\/delgadozuletadelgadozuleta-com-2\/"},"uagb_comment_info":0,"uagb_excerpt":"La imponente Gastroterraza La Fort\u00edssima, a un paso de la Giralda de Sevilla, ha acogido la presentaci\u00f3n de la nueva [&hellip;]","_links":{"self":[{"href":"https:\/\/delgadozuleta.com\/en\/wp-json\/wp\/v2\/posts\/9304","targetHints":{"allow":["GET"]}}],"collection":[{"href":"https:\/\/delgadozuleta.com\/en\/wp-json\/wp\/v2\/posts"}],"about":[{"href":"https:\/\/delgadozuleta.com\/en\/wp-json\/wp\/v2\/types\/post"}],"author":[{"embeddable":true,"href":"https:\/\/delgadozuleta.com\/en\/wp-json\/wp\/v2\/users\/616"}],"replies":[{"embeddable":true,"href":"https:\/\/delgadozuleta.com\/en\/wp-json\/wp\/v2\/comments?post=9304"}],"version-history":[{"count":0,"href":"https:\/\/delgadozuleta.com\/en\/wp-json\/wp\/v2\/posts\/9304\/revisions"}],"wp:featuredmedia":[{"embeddable":true,"href":"https:\/\/delgadozuleta.com\/en\/wp-json\/wp\/v2\/media\/9305"}],"wp:attachment":[{"href":"https:\/\/delgadozuleta.com\/en\/wp-json\/wp\/v2\/media?parent=9304"}],"wp:term":[{"taxonomy":"category","embeddable":true,"href":"https:\/\/delgadozuleta.com\/en\/wp-json\/wp\/v2\/categories?post=9304"},{"taxonomy":"post_tag","embeddable":true,"href":"https:\/\/delgadozuleta.com\/en\/wp-json\/wp\/v2\/tags?post=9304"}],"curies":[{"name":"wp","href":"https:\/\/api.w.org\/{rel}","templated":true}]}}