{"id":9213,"date":"2019-07-10T09:48:42","date_gmt":"2019-07-10T07:48:42","guid":{"rendered":"https:\/\/delgadozuleta.bgoapps.es\/actualidad\/rey-felipe-vi-entrega-delgado-zuleta-reconocimiento-la-cec-2\/"},"modified":"2019-07-10T09:48:42","modified_gmt":"2019-07-10T07:48:42","slug":"rey-felipe-vi-entrega-delgado-zuleta-reconocimiento-la-cec-2","status":"publish","type":"post","link":"https:\/\/delgadozuleta.com\/en\/blog\/2019\/07\/10\/rey-felipe-vi-entrega-delgado-zuleta-reconocimiento-la-cec-2\/","title":{"rendered":"El rey Felipe VI entrega a Delgado Zuleta el reconocimiento de la CEC"},"content":{"rendered":"<p>En nuestra ya dilatada trayectoria, que este a\u00f1o\u00a0celebra su 275 aniversario, la relaci\u00f3n de Delgado Zuleta con la Casa Real siempre ha sido muy estrecha. En el a\u00f1o 1876 se\u00a0convirti\u00f3 en uno de sus proveedores; en 1929, los reyes Alfonso XIII y Victoria Eugenia nos honraron plasmando su firma en sendas botas; y en 2004, nuestra manzanilla La Goya fue seleccionada para la boda de los entonces pr\u00edncipes Felipe y Letizia.<\/p>\n<p><a href=\"https:\/\/delgadozuleta.com\/wp-content\/uploads\/D-ZcibBXoAAs3pC.jpg\"><img loading=\"lazy\" decoding=\"async\" class=\"aligncenter  wp-image-2261\" src=\"https:\/\/delgadozuleta.com\/wp-content\/uploads\/D-ZcibBXoAAs3pC.jpg\" alt=\"D-ZcibBXoAAs3pC\" width=\"633\" height=\"422\" srcset=\"https:\/\/delgadozuleta.com\/wp-content\/uploads\/D-ZcibBXoAAs3pC.jpg 1080w, https:\/\/delgadozuleta.com\/wp-content\/uploads\/D-ZcibBXoAAs3pC-510x340.jpg 510w\" sizes=\"auto, (max-width: 633px) 100vw, 633px\" \/><\/a><\/p>\n<p>Por eso nos enorgullece especialmente haber recibido de manos de S. M. el rey Felipe VI uno de los reconocimientos que ha otorgado la Confederaci\u00f3n de Empresarios de C\u00e1diz, en el marco de la Noche de la Empresa, que se ha celebrado en la Base Naval de Rota, y que ha sido recogido por Jos\u00e9 Mar\u00eda Bustillo, presidente del Consejo de Administraci\u00f3n de la bodega.<\/p>","protected":false},"excerpt":{"rendered":"<p>En nuestra ya dilatada trayectoria, que este a\u00f1o\u00a0celebra su 275 aniversario, la relaci\u00f3n de Delgado Zuleta con la Casa Real [&hellip;]<\/p>\n","protected":false},"author":616,"featured_media":9214,"comment_status":"closed","ping_status":"closed","sticky":false,"template":"","format":"standard","meta":{"inline_featured_image":false,"_uag_custom_page_level_css":"","site-sidebar-layout":"default","site-content-layout":"","ast-site-content-layout":"default","site-content-style":"default","site-sidebar-style":"default","ast-global-header-display":"","ast-banner-title-visibility":"","ast-main-header-display":"","ast-hfb-above-header-display":"","ast-hfb-below-header-display":"","ast-hfb-mobile-header-display":"","site-post-title":"","ast-breadcrumbs-content":"","ast-featured-img":"","footer-sml-layout":"","ast-disable-related-posts":"","theme-transparent-header-meta":"","adv-header-id-meta":"","stick-header-meta":"","header-above-stick-meta":"","header-main-stick-meta":"","header-below-stick-meta":"","astra-migrate-meta-layouts":"default","ast-page-background-enabled":"default","ast-page-background-meta":{"desktop":{"background-color":"var(--ast-global-color-5)","background-image":"","background-repeat":"repeat","background-position":"center center","background-size":"auto","background-attachment":"scroll","background-type":"","background-media":"","overlay-type":"","overlay-color":"","overlay-opacity":"","overlay-gradient":""},"tablet":{"background-color":"","background-image":"","background-repeat":"repeat","background-position":"center center","background-size":"auto","background-attachment":"scroll","background-type":"","background-media":"","overlay-type":"","overlay-color":"","overlay-opacity":"","overlay-gradient":""},"mobile":{"background-color":"","background-image":"","background-repeat":"repeat","background-position":"center center","background-size":"auto","background-attachment":"scroll","background-type":"","background-media":"","overlay-type":"","overlay-color":"","overlay-opacity":"","overlay-gradient":""}},"ast-content-background-meta":{"desktop":{"background-color":"var(--ast-global-color-4)","background-image":"","background-repeat":"repeat","background-position":"center center","background-size":"auto","background-attachment":"scroll","background-type":"","background-media":"","overlay-type":"","overlay-color":"","overlay-opacity":"","overlay-gradient":""},"tablet":{"background-color":"var(--ast-global-color-4)","background-image":"","background-repeat":"repeat","background-position":"center center","background-size":"auto","background-attachment":"scroll","background-type":"","background-media":"","overlay-type":"","overlay-color":"","overlay-opacity":"","overlay-gradient":""},"mobile":{"background-color":"var(--ast-global-color-4)","background-image":"","background-repeat":"repeat","background-position":"center center","background-size":"auto","background-attachment":"scroll","background-type":"","background-media":"","overlay-type":"","overlay-color":"","overlay-opacity":"","overlay-gradient":""}},"footnotes":""},"categories":[1],"tags":[],"class_list":["post-9213","post","type-post","status-publish","format-standard","has-post-thumbnail","hentry","category-actualidad"],"yoast_head":"<!-- This site is optimized with the Yoast SEO plugin v27.3 - https:\/\/yoast.com\/product\/yoast-seo-wordpress\/ -->\n<title>El rey Felipe VI entrega a Delgado Zuleta el reconocimiento de la CEC - Bodega Delgado Zuleta<\/title>\n<meta name=\"robots\" content=\"index, follow, max-snippet:-1, max-image-preview:large, max-video-preview:-1\" \/>\n<link rel=\"canonical\" href=\"https:\/\/delgadozuleta.com\/en\/blog\/2019\/07\/10\/rey-felipe-vi-entrega-delgado-zuleta-reconocimiento-la-cec-2\/\" \/>\n<meta property=\"og:locale\" content=\"en_US\" \/>\n<meta property=\"og:type\" content=\"article\" \/>\n<meta property=\"og:title\" content=\"El rey Felipe VI entrega a Delgado Zuleta el reconocimiento de la CEC - Bodega Delgado Zuleta\" \/>\n<meta property=\"og:description\" content=\"En nuestra ya dilatada trayectoria, que este a\u00f1o\u00a0celebra su 275 aniversario, la relaci\u00f3n de Delgado Zuleta con la Casa Real [&hellip;]\" \/>\n<meta property=\"og:url\" content=\"https:\/\/delgadozuleta.com\/en\/blog\/2019\/07\/10\/rey-felipe-vi-entrega-delgado-zuleta-reconocimiento-la-cec-2\/\" \/>\n<meta property=\"og:site_name\" content=\"Bodega Delgado Zuleta\" \/>\n<meta property=\"article:published_time\" content=\"2019-07-10T07:48:42+00:00\" \/>\n<meta property=\"og:image\" content=\"https:\/\/delgadozuleta.com\/wp-content\/uploads\/D-ZciM0W4AIPKtv-1.jpg\" \/>\n\t<meta property=\"og:image:width\" content=\"1080\" \/>\n\t<meta property=\"og:image:height\" content=\"720\" \/>\n\t<meta property=\"og:image:type\" content=\"image\/jpeg\" \/>\n<meta name=\"author\" content=\"Delgado Zuleta\" \/>\n<meta name=\"twitter:card\" content=\"summary_large_image\" \/>\n<meta name=\"twitter:label1\" content=\"Written by\" \/>\n\t<meta name=\"twitter:data1\" content=\"Delgado Zuleta\" \/>\n\t<meta name=\"twitter:label2\" content=\"Est. reading time\" \/>\n\t<meta name=\"twitter:data2\" content=\"1 minute\" \/>\n<script type=\"application\/ld+json\" class=\"yoast-schema-graph\">{\"@context\":\"https:\\\/\\\/schema.org\",\"@graph\":[{\"@type\":\"Article\",\"@id\":\"https:\\\/\\\/delgadozuleta.com\\\/blog\\\/2019\\\/07\\\/10\\\/rey-felipe-vi-entrega-delgado-zuleta-reconocimiento-la-cec-2\\\/#article\",\"isPartOf\":{\"@id\":\"https:\\\/\\\/delgadozuleta.com\\\/blog\\\/2019\\\/07\\\/10\\\/rey-felipe-vi-entrega-delgado-zuleta-reconocimiento-la-cec-2\\\/\"},\"author\":{\"name\":\"Delgado Zuleta\",\"@id\":\"https:\\\/\\\/delgadozuleta.com\\\/#\\\/schema\\\/person\\\/5f15c7e1a9864c3e585fefde0cb00527\"},\"headline\":\"El rey Felipe VI entrega a Delgado Zuleta el reconocimiento de la CEC\",\"datePublished\":\"2019-07-10T07:48:42+00:00\",\"mainEntityOfPage\":{\"@id\":\"https:\\\/\\\/delgadozuleta.com\\\/blog\\\/2019\\\/07\\\/10\\\/rey-felipe-vi-entrega-delgado-zuleta-reconocimiento-la-cec-2\\\/\"},\"wordCount\":155,\"publisher\":{\"@id\":\"https:\\\/\\\/delgadozuleta.com\\\/#organization\"},\"image\":{\"@id\":\"https:\\\/\\\/delgadozuleta.com\\\/blog\\\/2019\\\/07\\\/10\\\/rey-felipe-vi-entrega-delgado-zuleta-reconocimiento-la-cec-2\\\/#primaryimage\"},\"thumbnailUrl\":\"https:\\\/\\\/delgadozuleta.com\\\/wp-content\\\/uploads\\\/D-ZciM0W4AIPKtv-1.jpg\",\"articleSection\":[\"Actualidad\"],\"inLanguage\":\"en-US\"},{\"@type\":\"WebPage\",\"@id\":\"https:\\\/\\\/delgadozuleta.com\\\/blog\\\/2019\\\/07\\\/10\\\/rey-felipe-vi-entrega-delgado-zuleta-reconocimiento-la-cec-2\\\/\",\"url\":\"https:\\\/\\\/delgadozuleta.com\\\/blog\\\/2019\\\/07\\\/10\\\/rey-felipe-vi-entrega-delgado-zuleta-reconocimiento-la-cec-2\\\/\",\"name\":\"El rey Felipe VI entrega a Delgado Zuleta el reconocimiento de la CEC - Bodega Delgado Zuleta\",\"isPartOf\":{\"@id\":\"https:\\\/\\\/delgadozuleta.com\\\/#website\"},\"primaryImageOfPage\":{\"@id\":\"https:\\\/\\\/delgadozuleta.com\\\/blog\\\/2019\\\/07\\\/10\\\/rey-felipe-vi-entrega-delgado-zuleta-reconocimiento-la-cec-2\\\/#primaryimage\"},\"image\":{\"@id\":\"https:\\\/\\\/delgadozuleta.com\\\/blog\\\/2019\\\/07\\\/10\\\/rey-felipe-vi-entrega-delgado-zuleta-reconocimiento-la-cec-2\\\/#primaryimage\"},\"thumbnailUrl\":\"https:\\\/\\\/delgadozuleta.com\\\/wp-content\\\/uploads\\\/D-ZciM0W4AIPKtv-1.jpg\",\"datePublished\":\"2019-07-10T07:48:42+00:00\",\"breadcrumb\":{\"@id\":\"https:\\\/\\\/delgadozuleta.com\\\/blog\\\/2019\\\/07\\\/10\\\/rey-felipe-vi-entrega-delgado-zuleta-reconocimiento-la-cec-2\\\/#breadcrumb\"},\"inLanguage\":\"en-US\",\"potentialAction\":[{\"@type\":\"ReadAction\",\"target\":[\"https:\\\/\\\/delgadozuleta.com\\\/blog\\\/2019\\\/07\\\/10\\\/rey-felipe-vi-entrega-delgado-zuleta-reconocimiento-la-cec-2\\\/\"]}]},{\"@type\":\"ImageObject\",\"inLanguage\":\"en-US\",\"@id\":\"https:\\\/\\\/delgadozuleta.com\\\/blog\\\/2019\\\/07\\\/10\\\/rey-felipe-vi-entrega-delgado-zuleta-reconocimiento-la-cec-2\\\/#primaryimage\",\"url\":\"https:\\\/\\\/delgadozuleta.com\\\/wp-content\\\/uploads\\\/D-ZciM0W4AIPKtv-1.jpg\",\"contentUrl\":\"https:\\\/\\\/delgadozuleta.com\\\/wp-content\\\/uploads\\\/D-ZciM0W4AIPKtv-1.jpg\",\"width\":1080,\"height\":720},{\"@type\":\"BreadcrumbList\",\"@id\":\"https:\\\/\\\/delgadozuleta.com\\\/blog\\\/2019\\\/07\\\/10\\\/rey-felipe-vi-entrega-delgado-zuleta-reconocimiento-la-cec-2\\\/#breadcrumb\",\"itemListElement\":[{\"@type\":\"ListItem\",\"position\":1,\"name\":\"Portada\",\"item\":\"https:\\\/\\\/delgadozuleta.com\\\/\"},{\"@type\":\"ListItem\",\"position\":2,\"name\":\"El rey Felipe VI entrega a Delgado Zuleta el reconocimiento de la CEC\"}]},{\"@type\":\"WebSite\",\"@id\":\"https:\\\/\\\/delgadozuleta.com\\\/#website\",\"url\":\"https:\\\/\\\/delgadozuleta.com\\\/\",\"name\":\"Bodega Delgado Zuleta\",\"description\":\"Hist\u00f3rica bodega del Marco de Jerez especialista en la elaboraci\u00f3n de vinos generosos.\",\"publisher\":{\"@id\":\"https:\\\/\\\/delgadozuleta.com\\\/#organization\"},\"potentialAction\":[{\"@type\":\"SearchAction\",\"target\":{\"@type\":\"EntryPoint\",\"urlTemplate\":\"https:\\\/\\\/delgadozuleta.com\\\/?s={search_term_string}\"},\"query-input\":{\"@type\":\"PropertyValueSpecification\",\"valueRequired\":true,\"valueName\":\"search_term_string\"}}],\"inLanguage\":\"en-US\"},{\"@type\":\"Organization\",\"@id\":\"https:\\\/\\\/delgadozuleta.com\\\/#organization\",\"name\":\"Bodega Delgado Zuleta\",\"url\":\"https:\\\/\\\/delgadozuleta.com\\\/\",\"logo\":{\"@type\":\"ImageObject\",\"inLanguage\":\"en-US\",\"@id\":\"https:\\\/\\\/delgadozuleta.com\\\/#\\\/schema\\\/logo\\\/image\\\/\",\"url\":\"https:\\\/\\\/delgadozuleta.com\\\/wp-content\\\/uploads\\\/logo-transparente-300x133-1.png\",\"contentUrl\":\"https:\\\/\\\/delgadozuleta.com\\\/wp-content\\\/uploads\\\/logo-transparente-300x133-1.png\",\"width\":900,\"height\":400,\"caption\":\"Bodega Delgado Zuleta\"},\"image\":{\"@id\":\"https:\\\/\\\/delgadozuleta.com\\\/#\\\/schema\\\/logo\\\/image\\\/\"}},{\"@type\":\"Person\",\"@id\":\"https:\\\/\\\/delgadozuleta.com\\\/#\\\/schema\\\/person\\\/5f15c7e1a9864c3e585fefde0cb00527\",\"name\":\"Delgado Zuleta\",\"image\":{\"@type\":\"ImageObject\",\"inLanguage\":\"en-US\",\"@id\":\"https:\\\/\\\/secure.gravatar.com\\\/avatar\\\/d03fc245b2d57e683c10e74f4b3352d11b4fd8aa11c16e6f0988d9f74c67cfdf?s=96&d=mm&r=g\",\"url\":\"https:\\\/\\\/secure.gravatar.com\\\/avatar\\\/d03fc245b2d57e683c10e74f4b3352d11b4fd8aa11c16e6f0988d9f74c67cfdf?s=96&d=mm&r=g\",\"contentUrl\":\"https:\\\/\\\/secure.gravatar.com\\\/avatar\\\/d03fc245b2d57e683c10e74f4b3352d11b4fd8aa11c16e6f0988d9f74c67cfdf?s=96&d=mm&r=g\",\"caption\":\"Delgado Zuleta\"},\"sameAs\":[\"https:\\\/\\\/delgadozuleta.bgoapps.es\"],\"url\":\"https:\\\/\\\/delgadozuleta.com\\\/en\\\/blog\\\/author\\\/delgadozuletadelgadozuleta-com-2\\\/\"}]}<\/script>\n<!-- \/ Yoast SEO plugin. -->","yoast_head_json":{"title":"El rey Felipe VI entrega a Delgado Zuleta el reconocimiento de la CEC - Bodega Delgado Zuleta","robots":{"index":"index","follow":"follow","max-snippet":"max-snippet:-1","max-image-preview":"max-image-preview:large","max-video-preview":"max-video-preview:-1"},"canonical":"https:\/\/delgadozuleta.com\/en\/blog\/2019\/07\/10\/rey-felipe-vi-entrega-delgado-zuleta-reconocimiento-la-cec-2\/","og_locale":"en_US","og_type":"article","og_title":"El rey Felipe VI entrega a Delgado Zuleta el reconocimiento de la CEC - Bodega Delgado Zuleta","og_description":"En nuestra ya dilatada trayectoria, que este a\u00f1o\u00a0celebra su 275 aniversario, la relaci\u00f3n de Delgado Zuleta con la Casa Real [&hellip;]","og_url":"https:\/\/delgadozuleta.com\/en\/blog\/2019\/07\/10\/rey-felipe-vi-entrega-delgado-zuleta-reconocimiento-la-cec-2\/","og_site_name":"Bodega Delgado Zuleta","article_published_time":"2019-07-10T07:48:42+00:00","og_image":[{"width":1080,"height":720,"url":"https:\/\/delgadozuleta.com\/wp-content\/uploads\/D-ZciM0W4AIPKtv-1.jpg","type":"image\/jpeg"}],"author":"Delgado Zuleta","twitter_card":"summary_large_image","twitter_misc":{"Written by":"Delgado Zuleta","Est. reading time":"1 minute"},"schema":{"@context":"https:\/\/schema.org","@graph":[{"@type":"Article","@id":"https:\/\/delgadozuleta.com\/blog\/2019\/07\/10\/rey-felipe-vi-entrega-delgado-zuleta-reconocimiento-la-cec-2\/#article","isPartOf":{"@id":"https:\/\/delgadozuleta.com\/blog\/2019\/07\/10\/rey-felipe-vi-entrega-delgado-zuleta-reconocimiento-la-cec-2\/"},"author":{"name":"Delgado Zuleta","@id":"https:\/\/delgadozuleta.com\/#\/schema\/person\/5f15c7e1a9864c3e585fefde0cb00527"},"headline":"El rey Felipe VI entrega a Delgado Zuleta el reconocimiento de la CEC","datePublished":"2019-07-10T07:48:42+00:00","mainEntityOfPage":{"@id":"https:\/\/delgadozuleta.com\/blog\/2019\/07\/10\/rey-felipe-vi-entrega-delgado-zuleta-reconocimiento-la-cec-2\/"},"wordCount":155,"publisher":{"@id":"https:\/\/delgadozuleta.com\/#organization"},"image":{"@id":"https:\/\/delgadozuleta.com\/blog\/2019\/07\/10\/rey-felipe-vi-entrega-delgado-zuleta-reconocimiento-la-cec-2\/#primaryimage"},"thumbnailUrl":"https:\/\/delgadozuleta.com\/wp-content\/uploads\/D-ZciM0W4AIPKtv-1.jpg","articleSection":["Actualidad"],"inLanguage":"en-US"},{"@type":"WebPage","@id":"https:\/\/delgadozuleta.com\/blog\/2019\/07\/10\/rey-felipe-vi-entrega-delgado-zuleta-reconocimiento-la-cec-2\/","url":"https:\/\/delgadozuleta.com\/blog\/2019\/07\/10\/rey-felipe-vi-entrega-delgado-zuleta-reconocimiento-la-cec-2\/","name":"El rey Felipe VI entrega a Delgado Zuleta el reconocimiento de la CEC - Bodega Delgado Zuleta","isPartOf":{"@id":"https:\/\/delgadozuleta.com\/#website"},"primaryImageOfPage":{"@id":"https:\/\/delgadozuleta.com\/blog\/2019\/07\/10\/rey-felipe-vi-entrega-delgado-zuleta-reconocimiento-la-cec-2\/#primaryimage"},"image":{"@id":"https:\/\/delgadozuleta.com\/blog\/2019\/07\/10\/rey-felipe-vi-entrega-delgado-zuleta-reconocimiento-la-cec-2\/#primaryimage"},"thumbnailUrl":"https:\/\/delgadozuleta.com\/wp-content\/uploads\/D-ZciM0W4AIPKtv-1.jpg","datePublished":"2019-07-10T07:48:42+00:00","breadcrumb":{"@id":"https:\/\/delgadozuleta.com\/blog\/2019\/07\/10\/rey-felipe-vi-entrega-delgado-zuleta-reconocimiento-la-cec-2\/#breadcrumb"},"inLanguage":"en-US","potentialAction":[{"@type":"ReadAction","target":["https:\/\/delgadozuleta.com\/blog\/2019\/07\/10\/rey-felipe-vi-entrega-delgado-zuleta-reconocimiento-la-cec-2\/"]}]},{"@type":"ImageObject","inLanguage":"en-US","@id":"https:\/\/delgadozuleta.com\/blog\/2019\/07\/10\/rey-felipe-vi-entrega-delgado-zuleta-reconocimiento-la-cec-2\/#primaryimage","url":"https:\/\/delgadozuleta.com\/wp-content\/uploads\/D-ZciM0W4AIPKtv-1.jpg","contentUrl":"https:\/\/delgadozuleta.com\/wp-content\/uploads\/D-ZciM0W4AIPKtv-1.jpg","width":1080,"height":720},{"@type":"BreadcrumbList","@id":"https:\/\/delgadozuleta.com\/blog\/2019\/07\/10\/rey-felipe-vi-entrega-delgado-zuleta-reconocimiento-la-cec-2\/#breadcrumb","itemListElement":[{"@type":"ListItem","position":1,"name":"Portada","item":"https:\/\/delgadozuleta.com\/"},{"@type":"ListItem","position":2,"name":"El rey Felipe VI entrega a Delgado Zuleta el reconocimiento de la CEC"}]},{"@type":"WebSite","@id":"https:\/\/delgadozuleta.com\/#website","url":"https:\/\/delgadozuleta.com\/","name":"Bodega Delgado Zuleta","description":"Hist\u00f3rica bodega del Marco de Jerez especialista en la elaboraci\u00f3n de vinos generosos.","publisher":{"@id":"https:\/\/delgadozuleta.com\/#organization"},"potentialAction":[{"@type":"SearchAction","target":{"@type":"EntryPoint","urlTemplate":"https:\/\/delgadozuleta.com\/?s={search_term_string}"},"query-input":{"@type":"PropertyValueSpecification","valueRequired":true,"valueName":"search_term_string"}}],"inLanguage":"en-US"},{"@type":"Organization","@id":"https:\/\/delgadozuleta.com\/#organization","name":"Bodega Delgado Zuleta","url":"https:\/\/delgadozuleta.com\/","logo":{"@type":"ImageObject","inLanguage":"en-US","@id":"https:\/\/delgadozuleta.com\/#\/schema\/logo\/image\/","url":"https:\/\/delgadozuleta.com\/wp-content\/uploads\/logo-transparente-300x133-1.png","contentUrl":"https:\/\/delgadozuleta.com\/wp-content\/uploads\/logo-transparente-300x133-1.png","width":900,"height":400,"caption":"Bodega Delgado Zuleta"},"image":{"@id":"https:\/\/delgadozuleta.com\/#\/schema\/logo\/image\/"}},{"@type":"Person","@id":"https:\/\/delgadozuleta.com\/#\/schema\/person\/5f15c7e1a9864c3e585fefde0cb00527","name":"Delgado Zuleta","image":{"@type":"ImageObject","inLanguage":"en-US","@id":"https:\/\/secure.gravatar.com\/avatar\/d03fc245b2d57e683c10e74f4b3352d11b4fd8aa11c16e6f0988d9f74c67cfdf?s=96&d=mm&r=g","url":"https:\/\/secure.gravatar.com\/avatar\/d03fc245b2d57e683c10e74f4b3352d11b4fd8aa11c16e6f0988d9f74c67cfdf?s=96&d=mm&r=g","contentUrl":"https:\/\/secure.gravatar.com\/avatar\/d03fc245b2d57e683c10e74f4b3352d11b4fd8aa11c16e6f0988d9f74c67cfdf?s=96&d=mm&r=g","caption":"Delgado Zuleta"},"sameAs":["https:\/\/delgadozuleta.bgoapps.es"],"url":"https:\/\/delgadozuleta.com\/en\/blog\/author\/delgadozuletadelgadozuleta-com-2\/"}]}},"uagb_featured_image_src":{"full":["https:\/\/delgadozuleta.com\/wp-content\/uploads\/D-ZciM0W4AIPKtv-1.jpg",1080,720,false],"thumbnail":["https:\/\/delgadozuleta.com\/wp-content\/uploads\/D-ZciM0W4AIPKtv-1-150x150.jpg",150,150,true],"medium":["https:\/\/delgadozuleta.com\/wp-content\/uploads\/D-ZciM0W4AIPKtv-1-350x233.jpg",350,233,true],"medium_large":["https:\/\/delgadozuleta.com\/wp-content\/uploads\/D-ZciM0W4AIPKtv-1-768x512.jpg",768,512,true],"large":["https:\/\/delgadozuleta.com\/wp-content\/uploads\/D-ZciM0W4AIPKtv-1-1024x683.jpg",1024,683,true],"1536x1536":["https:\/\/delgadozuleta.com\/wp-content\/uploads\/D-ZciM0W4AIPKtv-1.jpg",1080,720,false],"2048x2048":["https:\/\/delgadozuleta.com\/wp-content\/uploads\/D-ZciM0W4AIPKtv-1.jpg",1080,720,false],"trp-custom-language-flag":["https:\/\/delgadozuleta.com\/wp-content\/uploads\/D-ZciM0W4AIPKtv-1-18x12.jpg",18,12,true],"woocommerce_thumbnail":["https:\/\/delgadozuleta.com\/wp-content\/uploads\/D-ZciM0W4AIPKtv-1-400x600.jpg",400,600,true],"woocommerce_single":["https:\/\/delgadozuleta.com\/wp-content\/uploads\/D-ZciM0W4AIPKtv-1-510x340.jpg",510,340,true],"woocommerce_gallery_thumbnail":["https:\/\/delgadozuleta.com\/wp-content\/uploads\/D-ZciM0W4AIPKtv-1-100x100.jpg",100,100,true]},"uagb_author_info":{"display_name":"Delgado Zuleta","author_link":"https:\/\/delgadozuleta.com\/en\/blog\/author\/delgadozuletadelgadozuleta-com-2\/"},"uagb_comment_info":0,"uagb_excerpt":"En nuestra ya dilatada trayectoria, que este a\u00f1o\u00a0celebra su 275 aniversario, la relaci\u00f3n de Delgado Zuleta con la Casa Real [&hellip;]","_links":{"self":[{"href":"https:\/\/delgadozuleta.com\/en\/wp-json\/wp\/v2\/posts\/9213","targetHints":{"allow":["GET"]}}],"collection":[{"href":"https:\/\/delgadozuleta.com\/en\/wp-json\/wp\/v2\/posts"}],"about":[{"href":"https:\/\/delgadozuleta.com\/en\/wp-json\/wp\/v2\/types\/post"}],"author":[{"embeddable":true,"href":"https:\/\/delgadozuleta.com\/en\/wp-json\/wp\/v2\/users\/616"}],"replies":[{"embeddable":true,"href":"https:\/\/delgadozuleta.com\/en\/wp-json\/wp\/v2\/comments?post=9213"}],"version-history":[{"count":0,"href":"https:\/\/delgadozuleta.com\/en\/wp-json\/wp\/v2\/posts\/9213\/revisions"}],"wp:featuredmedia":[{"embeddable":true,"href":"https:\/\/delgadozuleta.com\/en\/wp-json\/wp\/v2\/media\/9214"}],"wp:attachment":[{"href":"https:\/\/delgadozuleta.com\/en\/wp-json\/wp\/v2\/media?parent=9213"}],"wp:term":[{"taxonomy":"category","embeddable":true,"href":"https:\/\/delgadozuleta.com\/en\/wp-json\/wp\/v2\/categories?post=9213"},{"taxonomy":"post_tag","embeddable":true,"href":"https:\/\/delgadozuleta.com\/en\/wp-json\/wp\/v2\/tags?post=9213"}],"curies":[{"name":"wp","href":"https:\/\/api.w.org\/{rel}","templated":true}]}}