{"id":1084,"date":"2016-12-21T10:07:34","date_gmt":"2016-12-21T10:07:34","guid":{"rendered":"https:\/\/delgadozuleta.bgoapps.es\/?p=1084"},"modified":"2016-12-21T10:07:34","modified_gmt":"2016-12-21T10:07:34","slug":"delgado-zuleta-consolida-proyecto-ecologico-la-segunda-saca-manzanilla-entusiastico","status":"publish","type":"post","link":"https:\/\/delgadozuleta.com\/en\/blog\/2016\/12\/21\/delgado-zuleta-consolida-proyecto-ecologico-la-segunda-saca-manzanilla-entusiastico\/","title":{"rendered":"Delgado Zuleta consolida su proyecto ecol\u00f3gico con la segunda saca de su manzanilla Entusi\u00e1stico"},"content":{"rendered":"<p>Delgado Zuleta, la bodega m\u00e1s antigua del Marco de Jerez, acaba de poner en el mercado la segunda saca de Entusi\u00e1stico, la primera manzanilla ecol\u00f3gica de la historia. El vino cuenta con el amparo del Consejo Regulador de las Denominaciones de Origen Jerez-X\u00e9r\u00e8s-Sherry y Manzanilla de Sanl\u00facar de Barrameda y por el Consejo Andaluz de Agricultura Ecol\u00f3gica (CAAE).<\/p>\n<p>&nbsp;<\/p>\n<p>Se trata de una manzanilla elaborada mediante el tradicional sistema de criaderas y soleras. Tras la primera saca del pasado a\u00f1o, el proyecto se ha consolidado en la bodega, con un soleraje propio que ya acumula 3 a\u00f1os de crianza, en botas de roble americano que en su d\u00eda formaron parte de la solera de La Goya, vaciadas para esta iniciativa.<\/p>\n<p>&nbsp;<\/p>\n<p>Entusi\u00e1stico es una manzanilla fina, y tanto la uva con la que se realiza como el alcohol que se le a\u00f1ade tienen certificaci\u00f3n ecol\u00f3gica, alcanzando una graduaci\u00f3n de 15% Vol. Adem\u00e1s, se comercializa \u201cen rama\u201d, intentando respetar al m\u00e1ximo las cualidades que tiene en la bota. Los mostos de palomino provienen del pago de Burujena, en concreto de un vi\u00f1edo de 1 Ha. propiedad del viticultor Pepe Cabral, impulsor del movimiento Mostol\u00e9, una iniciativa de la que forman parte varios vi\u00f1istas de la zona, que elaboran vinos de autor, de peque\u00f1a tirada y ecol\u00f3gicos.<\/p>\n<p>&nbsp;<\/p>\n<p>Seg\u00fan apunta Jos\u00e9 Federico Carvajal, director comercial de Delgado Zuleta, \u201cel vino ya va adquiriendo las notas propias de las manzanillas de la casa, ese estilo Zuleta tan reconocible en otras marcas nuestras como La Goya o Barbiana\u201d. En cuanto a la cata, Carvajal destaca que en esta segunda saca \u201c se aprecian m\u00e1s notas florales y de crianza biol\u00f3gica, manteniendo un afrutado que le aporta frescura y m\u00e1s c\u00edtrico, pero manteniendo ciertos matices de fruta madura\u201d.<\/p>\n<p>&nbsp;<\/p>\n<p>Entusi\u00e1stico presenta un color luminoso, vivo, amarillo dorado que llama la atenci\u00f3n, muy en la l\u00ednea de las manzanillas de nueva expresi\u00f3n. Su paso por boca se hace largo y persistente, volviendo a estar presentes sus caracter\u00edsticas notas arom\u00e1ticas.<\/p>\n<p>&nbsp;<\/p>\n<p>Otro de los aspectos innovadores de Entusi\u00e1stico son la presentaci\u00f3n, ya que lleva tap\u00f3n de corcho sin un <em>sobretap\u00f3n<\/em> de pl\u00e1stico, como es habitual en los jereces; la botella, que es transparente, y el uso de una denominaci\u00f3n masculina, algo nada frecuente en las manzanillas. Para esta segunda tirada se ha modificado la etiqueta que se us\u00f3 para el lanzamiento, con una ilustraci\u00f3n original que representa una escena campestre.<\/p>\n<p>&nbsp;<\/p>\n<p>La actual saca se compone de apenas 1.200 botellas, lo que lo convierte en un vino muy exclusivo y que s\u00f3lo estar\u00e1 presente en las tiendas f\u00edsica y on-line de la bodega y en escasas enotecas y restaurantes. Incluso antes de su lanzamiento, la bodega ya ha recibido numerosas peticiones de reserva tanto a nivel nacional como internacional, con lo que desde Zuleta se destaca la posibilidad que propicia este producto para introducir las manzanillas y los vinos del Marco en general en nuevos mercados y segmentos de consumo.<\/p>","protected":false},"excerpt":{"rendered":"<p>Delgado Zuleta, la bodega m\u00e1s antigua del Marco de Jerez, acaba de poner en el mercado la segunda saca de [&hellip;]<\/p>\n","protected":false},"author":4,"featured_media":1085,"comment_status":"open","ping_status":"open","sticky":false,"template":"","format":"standard","meta":{"inline_featured_image":false,"_uag_custom_page_level_css":"","site-sidebar-layout":"default","site-content-layout":"","ast-site-content-layout":"default","site-content-style":"default","site-sidebar-style":"default","ast-global-header-display":"","ast-banner-title-visibility":"","ast-main-header-display":"","ast-hfb-above-header-display":"","ast-hfb-below-header-display":"","ast-hfb-mobile-header-display":"","site-post-title":"","ast-breadcrumbs-content":"","ast-featured-img":"","footer-sml-layout":"","ast-disable-related-posts":"","theme-transparent-header-meta":"","adv-header-id-meta":"","stick-header-meta":"","header-above-stick-meta":"","header-main-stick-meta":"","header-below-stick-meta":"","astra-migrate-meta-layouts":"default","ast-page-background-enabled":"default","ast-page-background-meta":{"desktop":{"background-color":"var(--ast-global-color-5)","background-image":"","background-repeat":"repeat","background-position":"center center","background-size":"auto","background-attachment":"scroll","background-type":"","background-media":"","overlay-type":"","overlay-color":"","overlay-opacity":"","overlay-gradient":""},"tablet":{"background-color":"","background-image":"","background-repeat":"repeat","background-position":"center center","background-size":"auto","background-attachment":"scroll","background-type":"","background-media":"","overlay-type":"","overlay-color":"","overlay-opacity":"","overlay-gradient":""},"mobile":{"background-color":"","background-image":"","background-repeat":"repeat","background-position":"center center","background-size":"auto","background-attachment":"scroll","background-type":"","background-media":"","overlay-type":"","overlay-color":"","overlay-opacity":"","overlay-gradient":""}},"ast-content-background-meta":{"desktop":{"background-color":"var(--ast-global-color-4)","background-image":"","background-repeat":"repeat","background-position":"center center","background-size":"auto","background-attachment":"scroll","background-type":"","background-media":"","overlay-type":"","overlay-color":"","overlay-opacity":"","overlay-gradient":""},"tablet":{"background-color":"var(--ast-global-color-4)","background-image":"","background-repeat":"repeat","background-position":"center center","background-size":"auto","background-attachment":"scroll","background-type":"","background-media":"","overlay-type":"","overlay-color":"","overlay-opacity":"","overlay-gradient":""},"mobile":{"background-color":"var(--ast-global-color-4)","background-image":"","background-repeat":"repeat","background-position":"center center","background-size":"auto","background-attachment":"scroll","background-type":"","background-media":"","overlay-type":"","overlay-color":"","overlay-opacity":"","overlay-gradient":""}},"footnotes":""},"categories":[1],"tags":[],"class_list":["post-1084","post","type-post","status-publish","format-standard","has-post-thumbnail","hentry","category-actualidad"],"yoast_head":"<!-- This site is optimized with the Yoast SEO plugin v27.3 - https:\/\/yoast.com\/product\/yoast-seo-wordpress\/ -->\n<title>Delgado Zuleta consolida su proyecto ecol\u00f3gico con la segunda saca de su manzanilla Entusi\u00e1stico - Bodega Delgado Zuleta<\/title>\n<meta name=\"robots\" content=\"index, follow, max-snippet:-1, max-image-preview:large, max-video-preview:-1\" \/>\n<link rel=\"canonical\" href=\"https:\/\/delgadozuleta.com\/en\/blog\/2016\/12\/21\/delgado-zuleta-consolida-proyecto-ecologico-la-segunda-saca-manzanilla-entusiastico\/\" \/>\n<meta property=\"og:locale\" content=\"en_US\" \/>\n<meta property=\"og:type\" content=\"article\" \/>\n<meta property=\"og:title\" content=\"Delgado Zuleta consolida su proyecto ecol\u00f3gico con la segunda saca de su manzanilla Entusi\u00e1stico - Bodega Delgado Zuleta\" \/>\n<meta property=\"og:description\" content=\"Delgado Zuleta, la bodega m\u00e1s antigua del Marco de Jerez, acaba de poner en el mercado la segunda saca de [&hellip;]\" \/>\n<meta property=\"og:url\" content=\"https:\/\/delgadozuleta.com\/en\/blog\/2016\/12\/21\/delgado-zuleta-consolida-proyecto-ecologico-la-segunda-saca-manzanilla-entusiastico\/\" \/>\n<meta property=\"og:site_name\" content=\"Bodega Delgado Zuleta\" \/>\n<meta property=\"article:published_time\" content=\"2016-12-21T10:07:34+00:00\" \/>\n<meta property=\"og:image\" content=\"https:\/\/delgadozuleta.com\/wp-content\/uploads\/Entusi\u00e1stico-scaled.jpg\" \/>\n\t<meta property=\"og:image:width\" content=\"1810\" \/>\n\t<meta property=\"og:image:height\" content=\"2560\" \/>\n\t<meta property=\"og:image:type\" content=\"image\/jpeg\" \/>\n<meta name=\"author\" content=\"Delgado Zuleta\" \/>\n<meta name=\"twitter:card\" content=\"summary_large_image\" \/>\n<meta name=\"twitter:label1\" content=\"Written by\" \/>\n\t<meta name=\"twitter:data1\" content=\"Delgado Zuleta\" \/>\n\t<meta name=\"twitter:label2\" content=\"Est. reading time\" \/>\n\t<meta name=\"twitter:data2\" content=\"3 minutes\" \/>\n<script type=\"application\/ld+json\" class=\"yoast-schema-graph\">{\"@context\":\"https:\\\/\\\/schema.org\",\"@graph\":[{\"@type\":\"Article\",\"@id\":\"https:\\\/\\\/delgadozuleta.com\\\/blog\\\/2016\\\/12\\\/21\\\/delgado-zuleta-consolida-proyecto-ecologico-la-segunda-saca-manzanilla-entusiastico\\\/#article\",\"isPartOf\":{\"@id\":\"https:\\\/\\\/delgadozuleta.com\\\/blog\\\/2016\\\/12\\\/21\\\/delgado-zuleta-consolida-proyecto-ecologico-la-segunda-saca-manzanilla-entusiastico\\\/\"},\"author\":{\"name\":\"Delgado Zuleta\",\"@id\":\"https:\\\/\\\/delgadozuleta.com\\\/#\\\/schema\\\/person\\\/eb6910b3224e575c63389e2530b69917\"},\"headline\":\"Delgado Zuleta consolida su proyecto ecol\u00f3gico con la segunda saca de su manzanilla Entusi\u00e1stico\",\"datePublished\":\"2016-12-21T10:07:34+00:00\",\"mainEntityOfPage\":{\"@id\":\"https:\\\/\\\/delgadozuleta.com\\\/blog\\\/2016\\\/12\\\/21\\\/delgado-zuleta-consolida-proyecto-ecologico-la-segunda-saca-manzanilla-entusiastico\\\/\"},\"wordCount\":545,\"commentCount\":0,\"publisher\":{\"@id\":\"https:\\\/\\\/delgadozuleta.com\\\/#organization\"},\"image\":{\"@id\":\"https:\\\/\\\/delgadozuleta.com\\\/blog\\\/2016\\\/12\\\/21\\\/delgado-zuleta-consolida-proyecto-ecologico-la-segunda-saca-manzanilla-entusiastico\\\/#primaryimage\"},\"thumbnailUrl\":\"https:\\\/\\\/delgadozuleta.com\\\/wp-content\\\/uploads\\\/Entusi\u00e1stico-scaled.jpg\",\"articleSection\":[\"Actualidad\"],\"inLanguage\":\"en-US\"},{\"@type\":\"WebPage\",\"@id\":\"https:\\\/\\\/delgadozuleta.com\\\/blog\\\/2016\\\/12\\\/21\\\/delgado-zuleta-consolida-proyecto-ecologico-la-segunda-saca-manzanilla-entusiastico\\\/\",\"url\":\"https:\\\/\\\/delgadozuleta.com\\\/blog\\\/2016\\\/12\\\/21\\\/delgado-zuleta-consolida-proyecto-ecologico-la-segunda-saca-manzanilla-entusiastico\\\/\",\"name\":\"Delgado Zuleta consolida su proyecto ecol\u00f3gico con la segunda saca de su manzanilla Entusi\u00e1stico - Bodega Delgado Zuleta\",\"isPartOf\":{\"@id\":\"https:\\\/\\\/delgadozuleta.com\\\/#website\"},\"primaryImageOfPage\":{\"@id\":\"https:\\\/\\\/delgadozuleta.com\\\/blog\\\/2016\\\/12\\\/21\\\/delgado-zuleta-consolida-proyecto-ecologico-la-segunda-saca-manzanilla-entusiastico\\\/#primaryimage\"},\"image\":{\"@id\":\"https:\\\/\\\/delgadozuleta.com\\\/blog\\\/2016\\\/12\\\/21\\\/delgado-zuleta-consolida-proyecto-ecologico-la-segunda-saca-manzanilla-entusiastico\\\/#primaryimage\"},\"thumbnailUrl\":\"https:\\\/\\\/delgadozuleta.com\\\/wp-content\\\/uploads\\\/Entusi\u00e1stico-scaled.jpg\",\"datePublished\":\"2016-12-21T10:07:34+00:00\",\"breadcrumb\":{\"@id\":\"https:\\\/\\\/delgadozuleta.com\\\/blog\\\/2016\\\/12\\\/21\\\/delgado-zuleta-consolida-proyecto-ecologico-la-segunda-saca-manzanilla-entusiastico\\\/#breadcrumb\"},\"inLanguage\":\"en-US\",\"potentialAction\":[{\"@type\":\"ReadAction\",\"target\":[\"https:\\\/\\\/delgadozuleta.com\\\/blog\\\/2016\\\/12\\\/21\\\/delgado-zuleta-consolida-proyecto-ecologico-la-segunda-saca-manzanilla-entusiastico\\\/\"]}]},{\"@type\":\"ImageObject\",\"inLanguage\":\"en-US\",\"@id\":\"https:\\\/\\\/delgadozuleta.com\\\/blog\\\/2016\\\/12\\\/21\\\/delgado-zuleta-consolida-proyecto-ecologico-la-segunda-saca-manzanilla-entusiastico\\\/#primaryimage\",\"url\":\"https:\\\/\\\/delgadozuleta.com\\\/wp-content\\\/uploads\\\/Entusi\u00e1stico-scaled.jpg\",\"contentUrl\":\"https:\\\/\\\/delgadozuleta.com\\\/wp-content\\\/uploads\\\/Entusi\u00e1stico-scaled.jpg\",\"width\":1810,\"height\":2560},{\"@type\":\"BreadcrumbList\",\"@id\":\"https:\\\/\\\/delgadozuleta.com\\\/blog\\\/2016\\\/12\\\/21\\\/delgado-zuleta-consolida-proyecto-ecologico-la-segunda-saca-manzanilla-entusiastico\\\/#breadcrumb\",\"itemListElement\":[{\"@type\":\"ListItem\",\"position\":1,\"name\":\"Portada\",\"item\":\"https:\\\/\\\/delgadozuleta.com\\\/\"},{\"@type\":\"ListItem\",\"position\":2,\"name\":\"Delgado Zuleta consolida su proyecto ecol\u00f3gico con la segunda saca de su manzanilla Entusi\u00e1stico\"}]},{\"@type\":\"WebSite\",\"@id\":\"https:\\\/\\\/delgadozuleta.com\\\/#website\",\"url\":\"https:\\\/\\\/delgadozuleta.com\\\/\",\"name\":\"Bodega Delgado Zuleta\",\"description\":\"Hist\u00f3rica bodega del Marco de Jerez especialista en la elaboraci\u00f3n de vinos generosos.\",\"publisher\":{\"@id\":\"https:\\\/\\\/delgadozuleta.com\\\/#organization\"},\"potentialAction\":[{\"@type\":\"SearchAction\",\"target\":{\"@type\":\"EntryPoint\",\"urlTemplate\":\"https:\\\/\\\/delgadozuleta.com\\\/?s={search_term_string}\"},\"query-input\":{\"@type\":\"PropertyValueSpecification\",\"valueRequired\":true,\"valueName\":\"search_term_string\"}}],\"inLanguage\":\"en-US\"},{\"@type\":\"Organization\",\"@id\":\"https:\\\/\\\/delgadozuleta.com\\\/#organization\",\"name\":\"Bodega Delgado Zuleta\",\"url\":\"https:\\\/\\\/delgadozuleta.com\\\/\",\"logo\":{\"@type\":\"ImageObject\",\"inLanguage\":\"en-US\",\"@id\":\"https:\\\/\\\/delgadozuleta.com\\\/#\\\/schema\\\/logo\\\/image\\\/\",\"url\":\"https:\\\/\\\/delgadozuleta.com\\\/wp-content\\\/uploads\\\/logo-transparente-300x133-1.png\",\"contentUrl\":\"https:\\\/\\\/delgadozuleta.com\\\/wp-content\\\/uploads\\\/logo-transparente-300x133-1.png\",\"width\":900,\"height\":400,\"caption\":\"Bodega Delgado Zuleta\"},\"image\":{\"@id\":\"https:\\\/\\\/delgadozuleta.com\\\/#\\\/schema\\\/logo\\\/image\\\/\"}},{\"@type\":\"Person\",\"@id\":\"https:\\\/\\\/delgadozuleta.com\\\/#\\\/schema\\\/person\\\/eb6910b3224e575c63389e2530b69917\",\"name\":\"Delgado Zuleta\",\"image\":{\"@type\":\"ImageObject\",\"inLanguage\":\"en-US\",\"@id\":\"https:\\\/\\\/secure.gravatar.com\\\/avatar\\\/d03fc245b2d57e683c10e74f4b3352d11b4fd8aa11c16e6f0988d9f74c67cfdf?s=96&d=mm&r=g\",\"url\":\"https:\\\/\\\/secure.gravatar.com\\\/avatar\\\/d03fc245b2d57e683c10e74f4b3352d11b4fd8aa11c16e6f0988d9f74c67cfdf?s=96&d=mm&r=g\",\"contentUrl\":\"https:\\\/\\\/secure.gravatar.com\\\/avatar\\\/d03fc245b2d57e683c10e74f4b3352d11b4fd8aa11c16e6f0988d9f74c67cfdf?s=96&d=mm&r=g\",\"caption\":\"Delgado Zuleta\"},\"sameAs\":[\"https:\\\/\\\/delgadozuleta.bgoapps.es\"],\"url\":\"https:\\\/\\\/delgadozuleta.com\\\/en\\\/blog\\\/author\\\/delgadozuletadelgadozuleta-com\\\/\"}]}<\/script>\n<!-- \/ Yoast SEO plugin. -->","yoast_head_json":{"title":"Delgado Zuleta consolida su proyecto ecol\u00f3gico con la segunda saca de su manzanilla Entusi\u00e1stico - Bodega Delgado Zuleta","robots":{"index":"index","follow":"follow","max-snippet":"max-snippet:-1","max-image-preview":"max-image-preview:large","max-video-preview":"max-video-preview:-1"},"canonical":"https:\/\/delgadozuleta.com\/en\/blog\/2016\/12\/21\/delgado-zuleta-consolida-proyecto-ecologico-la-segunda-saca-manzanilla-entusiastico\/","og_locale":"en_US","og_type":"article","og_title":"Delgado Zuleta consolida su proyecto ecol\u00f3gico con la segunda saca de su manzanilla Entusi\u00e1stico - Bodega Delgado Zuleta","og_description":"Delgado Zuleta, la bodega m\u00e1s antigua del Marco de Jerez, acaba de poner en el mercado la segunda saca de [&hellip;]","og_url":"https:\/\/delgadozuleta.com\/en\/blog\/2016\/12\/21\/delgado-zuleta-consolida-proyecto-ecologico-la-segunda-saca-manzanilla-entusiastico\/","og_site_name":"Bodega Delgado Zuleta","article_published_time":"2016-12-21T10:07:34+00:00","og_image":[{"width":1810,"height":2560,"url":"https:\/\/delgadozuleta.com\/wp-content\/uploads\/Entusi\u00e1stico-scaled.jpg","type":"image\/jpeg"}],"author":"Delgado Zuleta","twitter_card":"summary_large_image","twitter_misc":{"Written by":"Delgado Zuleta","Est. reading time":"3 minutes"},"schema":{"@context":"https:\/\/schema.org","@graph":[{"@type":"Article","@id":"https:\/\/delgadozuleta.com\/blog\/2016\/12\/21\/delgado-zuleta-consolida-proyecto-ecologico-la-segunda-saca-manzanilla-entusiastico\/#article","isPartOf":{"@id":"https:\/\/delgadozuleta.com\/blog\/2016\/12\/21\/delgado-zuleta-consolida-proyecto-ecologico-la-segunda-saca-manzanilla-entusiastico\/"},"author":{"name":"Delgado Zuleta","@id":"https:\/\/delgadozuleta.com\/#\/schema\/person\/eb6910b3224e575c63389e2530b69917"},"headline":"Delgado Zuleta consolida su proyecto ecol\u00f3gico con la segunda saca de su manzanilla Entusi\u00e1stico","datePublished":"2016-12-21T10:07:34+00:00","mainEntityOfPage":{"@id":"https:\/\/delgadozuleta.com\/blog\/2016\/12\/21\/delgado-zuleta-consolida-proyecto-ecologico-la-segunda-saca-manzanilla-entusiastico\/"},"wordCount":545,"commentCount":0,"publisher":{"@id":"https:\/\/delgadozuleta.com\/#organization"},"image":{"@id":"https:\/\/delgadozuleta.com\/blog\/2016\/12\/21\/delgado-zuleta-consolida-proyecto-ecologico-la-segunda-saca-manzanilla-entusiastico\/#primaryimage"},"thumbnailUrl":"https:\/\/delgadozuleta.com\/wp-content\/uploads\/Entusi\u00e1stico-scaled.jpg","articleSection":["Actualidad"],"inLanguage":"en-US"},{"@type":"WebPage","@id":"https:\/\/delgadozuleta.com\/blog\/2016\/12\/21\/delgado-zuleta-consolida-proyecto-ecologico-la-segunda-saca-manzanilla-entusiastico\/","url":"https:\/\/delgadozuleta.com\/blog\/2016\/12\/21\/delgado-zuleta-consolida-proyecto-ecologico-la-segunda-saca-manzanilla-entusiastico\/","name":"Delgado Zuleta consolida su proyecto ecol\u00f3gico con la segunda saca de su manzanilla Entusi\u00e1stico - Bodega Delgado Zuleta","isPartOf":{"@id":"https:\/\/delgadozuleta.com\/#website"},"primaryImageOfPage":{"@id":"https:\/\/delgadozuleta.com\/blog\/2016\/12\/21\/delgado-zuleta-consolida-proyecto-ecologico-la-segunda-saca-manzanilla-entusiastico\/#primaryimage"},"image":{"@id":"https:\/\/delgadozuleta.com\/blog\/2016\/12\/21\/delgado-zuleta-consolida-proyecto-ecologico-la-segunda-saca-manzanilla-entusiastico\/#primaryimage"},"thumbnailUrl":"https:\/\/delgadozuleta.com\/wp-content\/uploads\/Entusi\u00e1stico-scaled.jpg","datePublished":"2016-12-21T10:07:34+00:00","breadcrumb":{"@id":"https:\/\/delgadozuleta.com\/blog\/2016\/12\/21\/delgado-zuleta-consolida-proyecto-ecologico-la-segunda-saca-manzanilla-entusiastico\/#breadcrumb"},"inLanguage":"en-US","potentialAction":[{"@type":"ReadAction","target":["https:\/\/delgadozuleta.com\/blog\/2016\/12\/21\/delgado-zuleta-consolida-proyecto-ecologico-la-segunda-saca-manzanilla-entusiastico\/"]}]},{"@type":"ImageObject","inLanguage":"en-US","@id":"https:\/\/delgadozuleta.com\/blog\/2016\/12\/21\/delgado-zuleta-consolida-proyecto-ecologico-la-segunda-saca-manzanilla-entusiastico\/#primaryimage","url":"https:\/\/delgadozuleta.com\/wp-content\/uploads\/Entusi\u00e1stico-scaled.jpg","contentUrl":"https:\/\/delgadozuleta.com\/wp-content\/uploads\/Entusi\u00e1stico-scaled.jpg","width":1810,"height":2560},{"@type":"BreadcrumbList","@id":"https:\/\/delgadozuleta.com\/blog\/2016\/12\/21\/delgado-zuleta-consolida-proyecto-ecologico-la-segunda-saca-manzanilla-entusiastico\/#breadcrumb","itemListElement":[{"@type":"ListItem","position":1,"name":"Portada","item":"https:\/\/delgadozuleta.com\/"},{"@type":"ListItem","position":2,"name":"Delgado Zuleta consolida su proyecto ecol\u00f3gico con la segunda saca de su manzanilla Entusi\u00e1stico"}]},{"@type":"WebSite","@id":"https:\/\/delgadozuleta.com\/#website","url":"https:\/\/delgadozuleta.com\/","name":"Bodega Delgado Zuleta","description":"Hist\u00f3rica bodega del Marco de Jerez especialista en la elaboraci\u00f3n de vinos generosos.","publisher":{"@id":"https:\/\/delgadozuleta.com\/#organization"},"potentialAction":[{"@type":"SearchAction","target":{"@type":"EntryPoint","urlTemplate":"https:\/\/delgadozuleta.com\/?s={search_term_string}"},"query-input":{"@type":"PropertyValueSpecification","valueRequired":true,"valueName":"search_term_string"}}],"inLanguage":"en-US"},{"@type":"Organization","@id":"https:\/\/delgadozuleta.com\/#organization","name":"Bodega Delgado Zuleta","url":"https:\/\/delgadozuleta.com\/","logo":{"@type":"ImageObject","inLanguage":"en-US","@id":"https:\/\/delgadozuleta.com\/#\/schema\/logo\/image\/","url":"https:\/\/delgadozuleta.com\/wp-content\/uploads\/logo-transparente-300x133-1.png","contentUrl":"https:\/\/delgadozuleta.com\/wp-content\/uploads\/logo-transparente-300x133-1.png","width":900,"height":400,"caption":"Bodega Delgado Zuleta"},"image":{"@id":"https:\/\/delgadozuleta.com\/#\/schema\/logo\/image\/"}},{"@type":"Person","@id":"https:\/\/delgadozuleta.com\/#\/schema\/person\/eb6910b3224e575c63389e2530b69917","name":"Delgado Zuleta","image":{"@type":"ImageObject","inLanguage":"en-US","@id":"https:\/\/secure.gravatar.com\/avatar\/d03fc245b2d57e683c10e74f4b3352d11b4fd8aa11c16e6f0988d9f74c67cfdf?s=96&d=mm&r=g","url":"https:\/\/secure.gravatar.com\/avatar\/d03fc245b2d57e683c10e74f4b3352d11b4fd8aa11c16e6f0988d9f74c67cfdf?s=96&d=mm&r=g","contentUrl":"https:\/\/secure.gravatar.com\/avatar\/d03fc245b2d57e683c10e74f4b3352d11b4fd8aa11c16e6f0988d9f74c67cfdf?s=96&d=mm&r=g","caption":"Delgado Zuleta"},"sameAs":["https:\/\/delgadozuleta.bgoapps.es"],"url":"https:\/\/delgadozuleta.com\/en\/blog\/author\/delgadozuletadelgadozuleta-com\/"}]}},"uagb_featured_image_src":{"full":["https:\/\/delgadozuleta.com\/wp-content\/uploads\/Entusi\u00e1stico-scaled.jpg",1810,2560,false],"thumbnail":["https:\/\/delgadozuleta.com\/wp-content\/uploads\/Entusi\u00e1stico-scaled.jpg",106,150,false],"medium":["https:\/\/delgadozuleta.com\/wp-content\/uploads\/Entusi\u00e1stico-scaled.jpg",247,350,false],"medium_large":["https:\/\/delgadozuleta.com\/wp-content\/uploads\/Entusi\u00e1stico-scaled.jpg",768,1086,false],"large":["https:\/\/delgadozuleta.com\/wp-content\/uploads\/Entusi\u00e1stico-scaled.jpg",724,1024,false],"1536x1536":["https:\/\/delgadozuleta.com\/wp-content\/uploads\/Entusi\u00e1stico-scaled.jpg",1086,1536,false],"2048x2048":["https:\/\/delgadozuleta.com\/wp-content\/uploads\/Entusi\u00e1stico-scaled.jpg",1448,2048,false],"trp-custom-language-flag":["https:\/\/delgadozuleta.com\/wp-content\/uploads\/Entusi\u00e1stico-scaled.jpg",8,12,false],"woocommerce_thumbnail":["https:\/\/delgadozuleta.com\/wp-content\/uploads\/Entusi\u00e1stico-scaled-400x600.jpg",400,600,true],"woocommerce_single":["https:\/\/delgadozuleta.com\/wp-content\/uploads\/Entusi\u00e1stico-scaled-510x721.jpg",510,721,true],"woocommerce_gallery_thumbnail":["https:\/\/delgadozuleta.com\/wp-content\/uploads\/Entusi\u00e1stico-scaled-100x100.jpg",100,100,true]},"uagb_author_info":{"display_name":"Delgado Zuleta","author_link":"https:\/\/delgadozuleta.com\/en\/blog\/author\/delgadozuletadelgadozuleta-com\/"},"uagb_comment_info":0,"uagb_excerpt":"Delgado Zuleta, la bodega m\u00e1s antigua del Marco de Jerez, acaba de poner en el mercado la segunda saca de [&hellip;]","_links":{"self":[{"href":"https:\/\/delgadozuleta.com\/en\/wp-json\/wp\/v2\/posts\/1084","targetHints":{"allow":["GET"]}}],"collection":[{"href":"https:\/\/delgadozuleta.com\/en\/wp-json\/wp\/v2\/posts"}],"about":[{"href":"https:\/\/delgadozuleta.com\/en\/wp-json\/wp\/v2\/types\/post"}],"author":[{"embeddable":true,"href":"https:\/\/delgadozuleta.com\/en\/wp-json\/wp\/v2\/users\/4"}],"replies":[{"embeddable":true,"href":"https:\/\/delgadozuleta.com\/en\/wp-json\/wp\/v2\/comments?post=1084"}],"version-history":[{"count":0,"href":"https:\/\/delgadozuleta.com\/en\/wp-json\/wp\/v2\/posts\/1084\/revisions"}],"wp:featuredmedia":[{"embeddable":true,"href":"https:\/\/delgadozuleta.com\/en\/wp-json\/wp\/v2\/media\/1085"}],"wp:attachment":[{"href":"https:\/\/delgadozuleta.com\/en\/wp-json\/wp\/v2\/media?parent=1084"}],"wp:term":[{"taxonomy":"category","embeddable":true,"href":"https:\/\/delgadozuleta.com\/en\/wp-json\/wp\/v2\/categories?post=1084"},{"taxonomy":"post_tag","embeddable":true,"href":"https:\/\/delgadozuleta.com\/en\/wp-json\/wp\/v2\/tags?post=1084"}],"curies":[{"name":"wp","href":"https:\/\/api.w.org\/{rel}","templated":true}]}}